{"id":3845,"date":"2022-10-01T00:25:57","date_gmt":"2022-10-01T05:25:57","guid":{"rendered":"https:\/\/sanluisalminuto.com\/2022\/10\/01\/homicidio-en-la-colonia-industrial-mexicana\/"},"modified":"2022-10-01T00:25:57","modified_gmt":"2022-10-01T05:25:57","slug":"homicidio-en-la-colonia-industrial-mexicana","status":"publish","type":"post","link":"https:\/\/sanluisalminuto.com\/?p=3845","title":{"rendered":"HOMICIDIO EN LA COLONIA INDUSTRIAL MEXICANA"},"content":{"rendered":"<p><img data-recalc-dims=\"1\" loading=\"lazy\" decoding=\"async\" src=\"https:\/\/i0.wp.com\/sanluisalminuto.com\/wp-content\/uploads\/2022\/10\/image_2dff761b-d01f-4290-a08f-8a9898ff214a.jpg?resize=640%2C640&#038;ssl=1\" class=\"size-full\" width=\"640\" height=\"640\"><\/p>\n<p>Esta noche en la Colonia Industrial Mexicana sujetos armados llegan al cruce de las calles de Roble y Cedro y disparan a tres j\u00f3venes que estaban reunidos en esa intersecci\u00f3n.<\/p>\n<p>Polic\u00edas de diferentes corporaciones arribaron al auxilio donde se percatan que estaba en el lugar una persona sin vida y dos m\u00e1s que fueron llevados a recibir atenci\u00f3n m\u00e9dica.<\/p>\n<p>Si la Guardia Civil Estatal y la Se retar\u00eda y protecci\u00f3n ciudadana est\u00e1n activos donde est\u00e1 la Polic\u00eda de Investigaci\u00f3n que no se le ve y m\u00e1s con tanto movimiento de hechos de sangre.<\/p>\n<p>Ojal\u00e1 tanto El Gobernador como el Alcalde tomen cartas en el asunto.<\/p>\n","protected":false},"excerpt":{"rendered":"<p>Esta noche en la Colonia Industrial Mexicana sujetos armados llegan al cruce de las calles<\/p>\n","protected":false},"author":206911971,"featured_media":0,"comment_status":"open","ping_status":"open","sticky":false,"template":"","format":"standard","meta":{"advanced_seo_description":"","jetpack_seo_html_title":"","jetpack_seo_noindex":false,"_jetpack_newsletter_access":"","_jetpack_dont_email_post_to_subs":false,"_jetpack_newsletter_tier_id":0,"_jetpack_memberships_contains_paywalled_content":false,"_jetpack_memberships_contains_paid_content":false,"footnotes":"","jetpack_publicize_message":"","jetpack_publicize_feature_enabled":true,"jetpack_social_post_already_shared":true,"jetpack_social_options":{"image_generator_settings":{"template":"highway","default_image_id":0,"font":"","enabled":false},"version":2},"jetpack_post_was_ever_published":false},"categories":[5175715,49001,9229],"tags":[799],"class_list":["post-3845","post","type-post","status-publish","format-standard","hentry","category-al-minuto","category-locales","category-seguridad","tag-principal"],"jetpack_publicize_connections":[],"jetpack_featured_media_url":"","jetpack_likes_enabled":false,"jetpack_sharing_enabled":true,"jetpack_shortlink":"https:\/\/wp.me\/pd6CVZ-101","jetpack-related-posts":[{"id":11964,"url":"https:\/\/sanluisalminuto.com\/?p=11964","url_meta":{"origin":3845,"position":0},"title":"EL EJECUTIVO ESTATAL LLEVA APOYO A NI\u00d1AS Y NI\u00d1OS CON REHABILITACI\u00d3N DE M\u00c1S ESCUELAS","author":"sanluisalminuto","date":"25 de noviembre de 2024","format":false,"excerpt":"La SEGE arranc\u00f3 el rescate de una escuela primaria en la colonia Industrial Mexicana La Secretar\u00eda de Educaci\u00f3n del Gobierno del Estado (SEGE), encabez\u00f3 el arranque de la rehabilitaci\u00f3n de la escuela primaria Hombres del Ma\u00f1ana de la colonia Industrial Mexicana, con la presencia de la senadora Ruth Gonz\u00e1lez Silva\u2026","rel":"","context":"En \u00abAl Minuto\u00bb","block_context":{"text":"Al Minuto","link":"https:\/\/sanluisalminuto.com\/?cat=5175715"},"img":{"alt_text":"","src":"https:\/\/i0.wp.com\/sanluisalminuto.com\/wp-content\/uploads\/2024\/11\/27e9a733-f363-435b-9390-5cfacb38e6c2-1.jpg?fit=1200%2C800&ssl=1&resize=350%2C200","width":350,"height":200,"srcset":"https:\/\/i0.wp.com\/sanluisalminuto.com\/wp-content\/uploads\/2024\/11\/27e9a733-f363-435b-9390-5cfacb38e6c2-1.jpg?fit=1200%2C800&ssl=1&resize=350%2C200 1x, https:\/\/i0.wp.com\/sanluisalminuto.com\/wp-content\/uploads\/2024\/11\/27e9a733-f363-435b-9390-5cfacb38e6c2-1.jpg?fit=1200%2C800&ssl=1&resize=525%2C300 1.5x, https:\/\/i0.wp.com\/sanluisalminuto.com\/wp-content\/uploads\/2024\/11\/27e9a733-f363-435b-9390-5cfacb38e6c2-1.jpg?fit=1200%2C800&ssl=1&resize=700%2C400 2x, https:\/\/i0.wp.com\/sanluisalminuto.com\/wp-content\/uploads\/2024\/11\/27e9a733-f363-435b-9390-5cfacb38e6c2-1.jpg?fit=1200%2C800&ssl=1&resize=1050%2C600 3x"},"classes":[]},{"id":6124,"url":"https:\/\/sanluisalminuto.com\/?p=6124","url_meta":{"origin":3845,"position":1},"title":"ATAQUE ARMADO A AGENTE DE LA POLICIA DE INVESTIGACION: FISCALIA INVESTIGA LOS HECHOS","author":"sanluisalminuto","date":"9 de marzo de 2023","format":false,"excerpt":"FGE INVESTIGA AGRESI\u00d3N A ELEMENTO DE LA PDI EN SLP \u2022 El agente se encuentra estable y fuera de peligro La ma\u00f1ana de este jueves, un elemento de la Polic\u00eda de Investigaci\u00f3n (PDI) fue agredido por disparos de arma de fuego en la ciudad de San Luis Potos\u00ed, por lo\u2026","rel":"","context":"En \u00abAl Minuto\u00bb","block_context":{"text":"Al Minuto","link":"https:\/\/sanluisalminuto.com\/?cat=5175715"},"img":{"alt_text":"","src":"https:\/\/i0.wp.com\/sanluisalminuto.com\/wp-content\/uploads\/2023\/03\/IMG-20230309-WA0007-1.jpg?fit=1024%2C608&ssl=1&resize=350%2C200","width":350,"height":200,"srcset":"https:\/\/i0.wp.com\/sanluisalminuto.com\/wp-content\/uploads\/2023\/03\/IMG-20230309-WA0007-1.jpg?fit=1024%2C608&ssl=1&resize=350%2C200 1x, https:\/\/i0.wp.com\/sanluisalminuto.com\/wp-content\/uploads\/2023\/03\/IMG-20230309-WA0007-1.jpg?fit=1024%2C608&ssl=1&resize=525%2C300 1.5x, https:\/\/i0.wp.com\/sanluisalminuto.com\/wp-content\/uploads\/2023\/03\/IMG-20230309-WA0007-1.jpg?fit=1024%2C608&ssl=1&resize=700%2C400 2x"},"classes":[]},{"id":14431,"url":"https:\/\/sanluisalminuto.com\/?p=14431","url_meta":{"origin":3845,"position":2},"title":"CONTIN\u00daA LA VIOLENCIA EN LA CAPITAL AMABLE : UNA PERSONA SIN VIDA EN LA INDUSTRIAL AVIACI\u00d3N","author":"sanluisalminuto","date":"30 de julio de 2025","format":false,"excerpt":"La noche de este mi\u00e9rcoles se registr\u00f3 un hecho de violencia en la colonia Industrial Aviaci\u00f3n, espec\u00edficamente en la intersecci\u00f3n de las calles 3 y 16, que dej\u00f3 como saldo una persona sin vida. Elementos de la Guardia Civil Estatal y la Guardia Nacional acudieron de inmediato al sitio, donde\u2026","rel":"","context":"En \u00abAl Minuto\u00bb","block_context":{"text":"Al Minuto","link":"https:\/\/sanluisalminuto.com\/?cat=5175715"},"img":{"alt_text":"","src":"https:\/\/i0.wp.com\/sanluisalminuto.com\/wp-content\/uploads\/2025\/07\/img_3419.jpg?fit=1179%2C660&ssl=1&resize=350%2C200","width":350,"height":200,"srcset":"https:\/\/i0.wp.com\/sanluisalminuto.com\/wp-content\/uploads\/2025\/07\/img_3419.jpg?fit=1179%2C660&ssl=1&resize=350%2C200 1x, https:\/\/i0.wp.com\/sanluisalminuto.com\/wp-content\/uploads\/2025\/07\/img_3419.jpg?fit=1179%2C660&ssl=1&resize=525%2C300 1.5x, https:\/\/i0.wp.com\/sanluisalminuto.com\/wp-content\/uploads\/2025\/07\/img_3419.jpg?fit=1179%2C660&ssl=1&resize=700%2C400 2x, https:\/\/i0.wp.com\/sanluisalminuto.com\/wp-content\/uploads\/2025\/07\/img_3419.jpg?fit=1179%2C660&ssl=1&resize=1050%2C600 3x"},"classes":[]},{"id":6218,"url":"https:\/\/sanluisalminuto.com\/?p=6218","url_meta":{"origin":3845,"position":3},"title":"CAPTURA FGE A DOS POSIBLES AGRESORES DE UN AGENTE DE LA PDI EN SLP","author":"sanluisalminuto","date":"13 de marzo de 2023","format":false,"excerpt":"SLP.- La Fiscal\u00eda General del Estado (FGE) logr\u00f3 la detenci\u00f3n de dos probables part\u00edcipes en la agresi\u00f3n a un elemento de la Polic\u00eda de Investigaci\u00f3n (PDI) de la ciudad de San Luis Potos\u00ed. A los individuos, identificados como Armado \"N\" y Owaldo \"N\", se les cumpliment\u00f3 una orden de aprehensi\u00f3n\u2026","rel":"","context":"En \u00abAl Minuto\u00bb","block_context":{"text":"Al Minuto","link":"https:\/\/sanluisalminuto.com\/?cat=5175715"},"img":{"alt_text":"","src":"https:\/\/i0.wp.com\/sanluisalminuto.com\/wp-content\/uploads\/2023\/03\/IMG-20230313-WA0008-1.jpg?fit=1024%2C608&ssl=1&resize=350%2C200","width":350,"height":200,"srcset":"https:\/\/i0.wp.com\/sanluisalminuto.com\/wp-content\/uploads\/2023\/03\/IMG-20230313-WA0008-1.jpg?fit=1024%2C608&ssl=1&resize=350%2C200 1x, https:\/\/i0.wp.com\/sanluisalminuto.com\/wp-content\/uploads\/2023\/03\/IMG-20230313-WA0008-1.jpg?fit=1024%2C608&ssl=1&resize=525%2C300 1.5x, https:\/\/i0.wp.com\/sanluisalminuto.com\/wp-content\/uploads\/2023\/03\/IMG-20230313-WA0008-1.jpg?fit=1024%2C608&ssl=1&resize=700%2C400 2x"},"classes":[]},{"id":12391,"url":"https:\/\/sanluisalminuto.com\/?p=12391","url_meta":{"origin":3845,"position":4},"title":"SEGURIDAD P\u00daBLICA DE SOLEDAD REPORTA SALDO POSITIVO DERIVADO DEL OPERATIVO \u00abA\u00d1O NUEVO SEGURO\u00bb","author":"sanluisalminuto","date":"2 de enero de 2025","format":false,"excerpt":"Se recorrieronas m\u00e1s de 200 colonias en coordinaci\u00f3n con la Guardia Nacional, el Ej\u00e9rcito Mexicano y la GCE. Con el objetivo de generar un ambiente de paz social durante los festejos decembrinos e integrado al plan de prevenci\u00f3n \"Guadalupe - Reyes\", Seguridad P\u00fablica de Soledad de Graciano S\u00e1nchez despleg\u00f3 desde\u2026","rel":"","context":"En \u00abAl Minuto\u00bb","block_context":{"text":"Al Minuto","link":"https:\/\/sanluisalminuto.com\/?cat=5175715"},"img":{"alt_text":"","src":"https:\/\/i0.wp.com\/sanluisalminuto.com\/wp-content\/uploads\/2025\/01\/3026b045-c79d-43bc-89e6-3528b3218d3d-1.jpg?fit=1200%2C900&ssl=1&resize=350%2C200","width":350,"height":200,"srcset":"https:\/\/i0.wp.com\/sanluisalminuto.com\/wp-content\/uploads\/2025\/01\/3026b045-c79d-43bc-89e6-3528b3218d3d-1.jpg?fit=1200%2C900&ssl=1&resize=350%2C200 1x, https:\/\/i0.wp.com\/sanluisalminuto.com\/wp-content\/uploads\/2025\/01\/3026b045-c79d-43bc-89e6-3528b3218d3d-1.jpg?fit=1200%2C900&ssl=1&resize=525%2C300 1.5x, https:\/\/i0.wp.com\/sanluisalminuto.com\/wp-content\/uploads\/2025\/01\/3026b045-c79d-43bc-89e6-3528b3218d3d-1.jpg?fit=1200%2C900&ssl=1&resize=700%2C400 2x, https:\/\/i0.wp.com\/sanluisalminuto.com\/wp-content\/uploads\/2025\/01\/3026b045-c79d-43bc-89e6-3528b3218d3d-1.jpg?fit=1200%2C900&ssl=1&resize=1050%2C600 3x"},"classes":[]},{"id":5894,"url":"https:\/\/sanluisalminuto.com\/?p=5894","url_meta":{"origin":3845,"position":5},"title":"FISCAL\u00cdA RINDE HOMENAJE A UN AGENTE DEL MINISTERIO P\u00daBLICO FALLECIDO","author":"sanluisalminuto","date":"24 de febrero de 2023","format":false,"excerpt":"\u2022 Actualmente era director de la Polic\u00eda Urbana, Bancaria e Industrial La Fiscal\u00eda General del Estado de San Luis Potos\u00ed (FGESLP) rindi\u00f3 un homenaje de cuerpo presente, a un compa\u00f1ero que se desempe\u00f1\u00f3 como agente del Ministerio P\u00fablico, y quien en su \u00faltimo encargo, fue el director de la Polic\u00eda\u2026","rel":"","context":"En \u00abAl Minuto\u00bb","block_context":{"text":"Al Minuto","link":"https:\/\/sanluisalminuto.com\/?cat=5175715"},"img":{"alt_text":"","src":"https:\/\/i0.wp.com\/sanluisalminuto.com\/wp-content\/uploads\/2023\/02\/IMG-20230224-WA0007.jpg?fit=1200%2C727&ssl=1&resize=350%2C200","width":350,"height":200,"srcset":"https:\/\/i0.wp.com\/sanluisalminuto.com\/wp-content\/uploads\/2023\/02\/IMG-20230224-WA0007.jpg?fit=1200%2C727&ssl=1&resize=350%2C200 1x, https:\/\/i0.wp.com\/sanluisalminuto.com\/wp-content\/uploads\/2023\/02\/IMG-20230224-WA0007.jpg?fit=1200%2C727&ssl=1&resize=525%2C300 1.5x, https:\/\/i0.wp.com\/sanluisalminuto.com\/wp-content\/uploads\/2023\/02\/IMG-20230224-WA0007.jpg?fit=1200%2C727&ssl=1&resize=700%2C400 2x, https:\/\/i0.wp.com\/sanluisalminuto.com\/wp-content\/uploads\/2023\/02\/IMG-20230224-WA0007.jpg?fit=1200%2C727&ssl=1&resize=1050%2C600 3x"},"classes":[]}],"_links":{"self":[{"href":"https:\/\/sanluisalminuto.com\/index.php?rest_route=\/wp\/v2\/posts\/3845","targetHints":{"allow":["GET"]}}],"collection":[{"href":"https:\/\/sanluisalminuto.com\/index.php?rest_route=\/wp\/v2\/posts"}],"about":[{"href":"https:\/\/sanluisalminuto.com\/index.php?rest_route=\/wp\/v2\/types\/post"}],"author":[{"embeddable":true,"href":"https:\/\/sanluisalminuto.com\/index.php?rest_route=\/wp\/v2\/users\/206911971"}],"replies":[{"embeddable":true,"href":"https:\/\/sanluisalminuto.com\/index.php?rest_route=%2Fwp%2Fv2%2Fcomments&post=3845"}],"version-history":[{"count":0,"href":"https:\/\/sanluisalminuto.com\/index.php?rest_route=\/wp\/v2\/posts\/3845\/revisions"}],"wp:attachment":[{"href":"https:\/\/sanluisalminuto.com\/index.php?rest_route=%2Fwp%2Fv2%2Fmedia&parent=3845"}],"wp:term":[{"taxonomy":"category","embeddable":true,"href":"https:\/\/sanluisalminuto.com\/index.php?rest_route=%2Fwp%2Fv2%2Fcategories&post=3845"},{"taxonomy":"post_tag","embeddable":true,"href":"https:\/\/sanluisalminuto.com\/index.php?rest_route=%2Fwp%2Fv2%2Ftags&post=3845"}],"curies":[{"name":"wp","href":"https:\/\/api.w.org\/{rel}","templated":true}]}}