{"id":3834,"date":"2022-09-30T15:09:35","date_gmt":"2022-09-30T20:09:35","guid":{"rendered":"https:\/\/sanluisalminuto.com\/2022\/09\/30\/pierden-la-vida-al-iintoxicarse-dentro-de-un-vagon-de-ffcc-en-la-zona-industrial-eje-120\/"},"modified":"2022-09-30T15:09:35","modified_gmt":"2022-09-30T20:09:35","slug":"pierden-la-vida-al-iintoxicarse-dentro-de-un-vagon-de-ffcc-en-la-zona-industrial-eje-120","status":"publish","type":"post","link":"https:\/\/sanluisalminuto.com\/?p=3834","title":{"rendered":"PIERDEN LA VIDA  AL IINTOXICARSE DENTRO DE UN VAG\u00d3N DE FFCC EN LA ZONA INDUSTRIAL EJE 120"},"content":{"rendered":"<p><img data-recalc-dims=\"1\" loading=\"lazy\" decoding=\"async\" src=\"https:\/\/i0.wp.com\/sanluisalminuto.com\/wp-content\/uploads\/2022\/09\/image_d7f46d2d-e232-490c-a5af-f51e6e1260db.jpg?resize=640%2C481&#038;ssl=1\" class=\"size-full\" width=\"640\" height=\"481\"><img data-recalc-dims=\"1\" loading=\"lazy\" decoding=\"async\" src=\"https:\/\/i0.wp.com\/sanluisalminuto.com\/wp-content\/uploads\/2022\/09\/image_b9fe1feb-1e92-4646-9c7c-8b94c4ecbbac.jpg?resize=640%2C481&#038;ssl=1\" class=\"size-full\" width=\"640\" height=\"481\"><img data-recalc-dims=\"1\" loading=\"lazy\" decoding=\"async\" src=\"https:\/\/i0.wp.com\/sanluisalminuto.com\/wp-content\/uploads\/2022\/09\/image_a0b45fc0-e96a-48c8-9705-7615f25a226f.jpg?resize=640%2C481&#038;ssl=1\" class=\"size-full\" width=\"640\" height=\"481\"><img data-recalc-dims=\"1\" loading=\"lazy\" decoding=\"async\" src=\"https:\/\/i0.wp.com\/sanluisalminuto.com\/wp-content\/uploads\/2022\/09\/image_639d042e-f86c-4211-94ea-6fc23966caa8.jpg?resize=640%2C481&#038;ssl=1\" class=\"size-full\" width=\"640\" height=\"481\"><\/p>\n<p>La Coordinaci\u00f3n Estatal de Protecci\u00f3n Civil, junto con Bomberos y Guardia Civil del Estado, participaron en el rescate de dos cuerpos al interior de un carro-tanque, ubicado en el exterior de la empresa Suministros Industriales Potosinos ubicada en el Eje 120 en la Zona Industrial.<\/p>\n<p>Al momento se sabe que uno de ellos era trabajador de la empresa y el otro era trabajador externo, que realizaban labores de limpieza sin el equipo adecuado.<\/p>\n<p>Elementos de protecci\u00f3n civil estatal y bomberos metropolitanos los rescatan con el equipo de seguridad que se necesita y pidiendo presencia de elementos de periciales y de la fiscal\u00eda para la fe y traslado de los cuerpos.<\/p>\n","protected":false},"excerpt":{"rendered":"<p>La Coordinaci\u00f3n Estatal de Protecci\u00f3n Civil, junto con Bomberos y Guardia Civil del Estado, participaron<\/p>\n","protected":false},"author":206911971,"featured_media":0,"comment_status":"open","ping_status":"open","sticky":false,"template":"","format":"standard","meta":{"advanced_seo_description":"","jetpack_seo_html_title":"","jetpack_seo_noindex":false,"_jetpack_newsletter_access":"","_jetpack_dont_email_post_to_subs":false,"_jetpack_newsletter_tier_id":0,"_jetpack_memberships_contains_paywalled_content":false,"_jetpack_memberships_contains_paid_content":false,"footnotes":"","jetpack_publicize_message":"","jetpack_publicize_feature_enabled":true,"jetpack_social_post_already_shared":true,"jetpack_social_options":{"image_generator_settings":{"template":"highway","default_image_id":0,"font":"","enabled":false},"version":2},"jetpack_post_was_ever_published":false},"categories":[5175715,49001,9229],"tags":[799],"class_list":["post-3834","post","type-post","status-publish","format-standard","hentry","category-al-minuto","category-locales","category-seguridad","tag-principal"],"jetpack_publicize_connections":[],"jetpack_featured_media_url":"","jetpack_likes_enabled":false,"jetpack_sharing_enabled":true,"jetpack_shortlink":"https:\/\/wp.me\/pd6CVZ-ZQ","jetpack-related-posts":[{"id":17623,"url":"https:\/\/sanluisalminuto.com\/?p=17623","url_meta":{"origin":3834,"position":0},"title":"La Coordinaci\u00f3n Estatal de Protecci\u00f3n Civil, se encuentra en operaciones atendiendo un incendio en una empresa ubicada en el Eje 124 en la Zona Industrial.","author":"sanluisalminuto","date":"8 de abril de 2026","format":false,"excerpt":"PROTECCI\u00d3N CIVIL ESTATAL INFORMA: Cuerpos de seguridad, rescate y emergencias acuden al llamado de auxilio de un incendio en una empresa denominada Pol\u00edmeros Nacionales situada en el Eje 124 y Av. Comisi\u00f3n Federal de Electricidad N.290, Zona Industrial. (La empresa es de pl\u00e1sticos) \u25b6\ufe0fNo hay heridos\u25b6\ufe0fSe evacuaron a cerca de\u2026","rel":"","context":"En \u00abAl Minuto\u00bb","block_context":{"text":"Al Minuto","link":"https:\/\/sanluisalminuto.com\/?cat=5175715"},"img":{"alt_text":"","src":"https:\/\/i0.wp.com\/sanluisalminuto.com\/wp-content\/uploads\/2026\/04\/9a98fa5d-07ac-494a-9fe5-d030291fff22.jpg?fit=554%2C1200&ssl=1&resize=350%2C200","width":350,"height":200,"srcset":"https:\/\/i0.wp.com\/sanluisalminuto.com\/wp-content\/uploads\/2026\/04\/9a98fa5d-07ac-494a-9fe5-d030291fff22.jpg?fit=554%2C1200&ssl=1&resize=350%2C200 1x, https:\/\/i0.wp.com\/sanluisalminuto.com\/wp-content\/uploads\/2026\/04\/9a98fa5d-07ac-494a-9fe5-d030291fff22.jpg?fit=554%2C1200&ssl=1&resize=525%2C300 1.5x"},"classes":[]},{"id":1627,"url":"https:\/\/sanluisalminuto.com\/?p=1627","url_meta":{"origin":3834,"position":1},"title":"TRABAJADOR DE EMPRESA SUACERO PIERDE LA VIDA","author":"sanluisalminuto","date":"3 de noviembre de 2021","format":false,"excerpt":"Trabajador muere en accidente dentro de le Empresa Suacero ubicada en Av Industrias entre el eje 102 y 104. Arriban a el lugar elementos de Segiridad publica Estatal seccion Empresarial y de Proteccion Civil Estatal. Se toma conocimiento de accidentes en fabricas de la zona industrial por lo que ingresa\u2026","rel":"","context":"En \u00abAl Minuto\u00bb","block_context":{"text":"Al Minuto","link":"https:\/\/sanluisalminuto.com\/?cat=5175715"},"img":{"alt_text":"","src":"https:\/\/i0.wp.com\/sanluisalminuto.com\/wp-content\/uploads\/2021\/11\/img-20211103-wa0003.jpg?fit=1024%2C612&ssl=1&resize=350%2C200","width":350,"height":200,"srcset":"https:\/\/i0.wp.com\/sanluisalminuto.com\/wp-content\/uploads\/2021\/11\/img-20211103-wa0003.jpg?fit=1024%2C612&ssl=1&resize=350%2C200 1x, https:\/\/i0.wp.com\/sanluisalminuto.com\/wp-content\/uploads\/2021\/11\/img-20211103-wa0003.jpg?fit=1024%2C612&ssl=1&resize=525%2C300 1.5x, https:\/\/i0.wp.com\/sanluisalminuto.com\/wp-content\/uploads\/2021\/11\/img-20211103-wa0003.jpg?fit=1024%2C612&ssl=1&resize=700%2C400 2x"},"classes":[]},{"id":17787,"url":"https:\/\/sanluisalminuto.com\/?p=17787","url_meta":{"origin":3834,"position":2},"title":"Se registra incendio en vidriera San Luis de la Zona Industrial;","author":"sanluisalminuto","date":"24 de abril de 2026","format":false,"excerpt":"moviliza a cuerpos de emergenciaSan Luis Potos\u00ed, SLP.\u2013 Un incendio en la vidriera San Luis ubicada sobre el Eje 132, en la Zona Industrial, gener\u00f3 la movilizaci\u00f3n de cuerpos de rescate, auxilio y emergencias la tarde de este jueves.De acuerdo con los primeros reportes, el siniestro se registra en las\u2026","rel":"","context":"En \u00abAl Minuto\u00bb","block_context":{"text":"Al Minuto","link":"https:\/\/sanluisalminuto.com\/?cat=5175715"},"img":{"alt_text":"","src":"https:\/\/i0.wp.com\/sanluisalminuto.com\/wp-content\/uploads\/2026\/04\/c3ba3c06-b38a-47ba-ab6c-97c807a9d1ec.jpg?fit=1200%2C675&ssl=1&resize=350%2C200","width":350,"height":200,"srcset":"https:\/\/i0.wp.com\/sanluisalminuto.com\/wp-content\/uploads\/2026\/04\/c3ba3c06-b38a-47ba-ab6c-97c807a9d1ec.jpg?fit=1200%2C675&ssl=1&resize=350%2C200 1x, https:\/\/i0.wp.com\/sanluisalminuto.com\/wp-content\/uploads\/2026\/04\/c3ba3c06-b38a-47ba-ab6c-97c807a9d1ec.jpg?fit=1200%2C675&ssl=1&resize=525%2C300 1.5x, https:\/\/i0.wp.com\/sanluisalminuto.com\/wp-content\/uploads\/2026\/04\/c3ba3c06-b38a-47ba-ab6c-97c807a9d1ec.jpg?fit=1200%2C675&ssl=1&resize=700%2C400 2x, https:\/\/i0.wp.com\/sanluisalminuto.com\/wp-content\/uploads\/2026\/04\/c3ba3c06-b38a-47ba-ab6c-97c807a9d1ec.jpg?fit=1200%2C675&ssl=1&resize=1050%2C600 3x"},"classes":[]},{"id":9738,"url":"https:\/\/sanluisalminuto.com\/?p=9738","url_meta":{"origin":3834,"position":3},"title":"COORDINADOR DE PROTECCION CIVIL ESTATAL MAURICIO ORDAZ FLORES COLOCA SELLOS DE CLAUSURA A EMPRESA YAREH CHEM","author":"sanluisalminuto","date":"5 de marzo de 2024","format":false,"excerpt":"CUERPOS DE EMERGENCIA ATIENDEN INCENDIO EN LA ZONA INDUSTRIAL\u2022\u00a0 \u00a0 \u00a0 \u00a0Se acudi\u00f3 al reporte ciudadano de un incendio en una empresa de solventes ubicada en el Eje 132, que fue sofocado a las 7:00 de la ma\u00f1ana El Poder Ejecutivo del Estado, a trav\u00e9s de la Coordinaci\u00f3n Estatal de\u2026","rel":"","context":"En \u00abAl Minuto\u00bb","block_context":{"text":"Al Minuto","link":"https:\/\/sanluisalminuto.com\/?cat=5175715"},"img":{"alt_text":"","src":"https:\/\/i0.wp.com\/sanluisalminuto.com\/wp-content\/uploads\/2024\/03\/58442730-5e04-490d-a380-6bab76a14e64-2-1.jpg?fit=900%2C1200&ssl=1&resize=350%2C200","width":350,"height":200,"srcset":"https:\/\/i0.wp.com\/sanluisalminuto.com\/wp-content\/uploads\/2024\/03\/58442730-5e04-490d-a380-6bab76a14e64-2-1.jpg?fit=900%2C1200&ssl=1&resize=350%2C200 1x, https:\/\/i0.wp.com\/sanluisalminuto.com\/wp-content\/uploads\/2024\/03\/58442730-5e04-490d-a380-6bab76a14e64-2-1.jpg?fit=900%2C1200&ssl=1&resize=525%2C300 1.5x, https:\/\/i0.wp.com\/sanluisalminuto.com\/wp-content\/uploads\/2024\/03\/58442730-5e04-490d-a380-6bab76a14e64-2-1.jpg?fit=900%2C1200&ssl=1&resize=700%2C400 2x"},"classes":[]},{"id":14667,"url":"https:\/\/sanluisalminuto.com\/?p=14667","url_meta":{"origin":3834,"position":4},"title":"Una persona pierde la vida al interior de empresa de aceros en Zona Industrial","author":"sanluisalminuto","date":"19 de agosto de 2025","format":false,"excerpt":"La ma\u00f1ana de este martes se report\u00f3 el fallecimiento de una persona al interior de la empresa Aceros Alcalde, ubicada en el cruce de Eje 124 y avenida Comisi\u00f3n Federal de Electricidad, en la Zona Industrial de San Luis Potos\u00ed. Autoridades acudieron al lugar para confirmar el deceso y realizar\u2026","rel":"","context":"En \u00abAl Minuto\u00bb","block_context":{"text":"Al Minuto","link":"https:\/\/sanluisalminuto.com\/?cat=5175715"},"img":{"alt_text":"","src":"https:\/\/i0.wp.com\/sanluisalminuto.com\/wp-content\/uploads\/2025\/08\/a34209b7-54fa-4ebf-a548-f6ab1f13510a.jpg?fit=900%2C1200&ssl=1&resize=350%2C200","width":350,"height":200,"srcset":"https:\/\/i0.wp.com\/sanluisalminuto.com\/wp-content\/uploads\/2025\/08\/a34209b7-54fa-4ebf-a548-f6ab1f13510a.jpg?fit=900%2C1200&ssl=1&resize=350%2C200 1x, https:\/\/i0.wp.com\/sanluisalminuto.com\/wp-content\/uploads\/2025\/08\/a34209b7-54fa-4ebf-a548-f6ab1f13510a.jpg?fit=900%2C1200&ssl=1&resize=525%2C300 1.5x, https:\/\/i0.wp.com\/sanluisalminuto.com\/wp-content\/uploads\/2025\/08\/a34209b7-54fa-4ebf-a548-f6ab1f13510a.jpg?fit=900%2C1200&ssl=1&resize=700%2C400 2x"},"classes":[]},{"id":16098,"url":"https:\/\/sanluisalminuto.com\/?p=16098","url_meta":{"origin":3834,"position":5},"title":"Por fin inician trabajos de rehabilitaci\u00f3n en la lateral de la carretera 57","author":"sanluisalminuto","date":"8 de enero de 2026","format":false,"excerpt":"Tras meses de estar totalmente intransitable, comenzaron hoy finalmente los trabajos de rehabilitaci\u00f3n de las laterales de la carretera 57 en la Zona Industrial. La parte a intervenir por parte del Gobierno del Estado ser\u00e1 desde Circuito Potos\u00ed hasta el Eje 128. En este tramo los baches y hoyos son\u2026","rel":"","context":"En \u00abAl Minuto\u00bb","block_context":{"text":"Al Minuto","link":"https:\/\/sanluisalminuto.com\/?cat=5175715"},"img":{"alt_text":"","src":"https:\/\/i0.wp.com\/sanluisalminuto.com\/wp-content\/uploads\/2026\/01\/2c58f1eb-3736-4cef-b020-903ccd4ecc56.jpg?fit=1200%2C801&ssl=1&resize=350%2C200","width":350,"height":200,"srcset":"https:\/\/i0.wp.com\/sanluisalminuto.com\/wp-content\/uploads\/2026\/01\/2c58f1eb-3736-4cef-b020-903ccd4ecc56.jpg?fit=1200%2C801&ssl=1&resize=350%2C200 1x, https:\/\/i0.wp.com\/sanluisalminuto.com\/wp-content\/uploads\/2026\/01\/2c58f1eb-3736-4cef-b020-903ccd4ecc56.jpg?fit=1200%2C801&ssl=1&resize=525%2C300 1.5x, https:\/\/i0.wp.com\/sanluisalminuto.com\/wp-content\/uploads\/2026\/01\/2c58f1eb-3736-4cef-b020-903ccd4ecc56.jpg?fit=1200%2C801&ssl=1&resize=700%2C400 2x, https:\/\/i0.wp.com\/sanluisalminuto.com\/wp-content\/uploads\/2026\/01\/2c58f1eb-3736-4cef-b020-903ccd4ecc56.jpg?fit=1200%2C801&ssl=1&resize=1050%2C600 3x"},"classes":[]}],"_links":{"self":[{"href":"https:\/\/sanluisalminuto.com\/index.php?rest_route=\/wp\/v2\/posts\/3834","targetHints":{"allow":["GET"]}}],"collection":[{"href":"https:\/\/sanluisalminuto.com\/index.php?rest_route=\/wp\/v2\/posts"}],"about":[{"href":"https:\/\/sanluisalminuto.com\/index.php?rest_route=\/wp\/v2\/types\/post"}],"author":[{"embeddable":true,"href":"https:\/\/sanluisalminuto.com\/index.php?rest_route=\/wp\/v2\/users\/206911971"}],"replies":[{"embeddable":true,"href":"https:\/\/sanluisalminuto.com\/index.php?rest_route=%2Fwp%2Fv2%2Fcomments&post=3834"}],"version-history":[{"count":0,"href":"https:\/\/sanluisalminuto.com\/index.php?rest_route=\/wp\/v2\/posts\/3834\/revisions"}],"wp:attachment":[{"href":"https:\/\/sanluisalminuto.com\/index.php?rest_route=%2Fwp%2Fv2%2Fmedia&parent=3834"}],"wp:term":[{"taxonomy":"category","embeddable":true,"href":"https:\/\/sanluisalminuto.com\/index.php?rest_route=%2Fwp%2Fv2%2Fcategories&post=3834"},{"taxonomy":"post_tag","embeddable":true,"href":"https:\/\/sanluisalminuto.com\/index.php?rest_route=%2Fwp%2Fv2%2Ftags&post=3834"}],"curies":[{"name":"wp","href":"https:\/\/api.w.org\/{rel}","templated":true}]}}