{"id":17825,"date":"2026-04-28T00:40:00","date_gmt":"2026-04-28T06:40:00","guid":{"rendered":"https:\/\/sanluisalminuto.com\/?p=17825"},"modified":"2026-04-28T00:40:00","modified_gmt":"2026-04-28T06:40:00","slug":"ricardo-gallardo-arranca-celebraciones-del-dia-de-la-ninez-en-villa-de-reyes","status":"publish","type":"post","link":"https:\/\/sanluisalminuto.com\/?p=17825","title":{"rendered":"RICARDO GALLARDO ARRANCA CELEBRACIONES DEL D\u00cdA DE LA NI\u00d1EZ EN VILLA DE REYES"},"content":{"rendered":"\n<p><\/p>\n\n\n\n<ul class=\"wp-block-list\">\n<li>Entre un ambiente repleto de risas y alegr\u00eda, el Gobernador del Estado entreg\u00f3 bicicletas, balones y juguetes a ni\u00f1os y ni\u00f1as de diferentes comunidades del municipio.<\/li>\n<\/ul>\n\n\n\n<p>Ricardo Gallardo Cardona, Gobernador de San Luis Potos\u00ed, comenz\u00f3 los festejos del D\u00eda de la Ni\u00f1ez en Villa de Reyes, en donde entreg\u00f3 a ni\u00f1as y ni\u00f1os, de diversas comunidades del municipio, bicicletas, patinetas, scooters, balones y toda clase de juguetes, brind\u00e1ndoles un momento lleno de alegr\u00eda, risas y festejo.<br>En el cambio que se vive y se siente, entre muestras emotivas de las familias reunidas en la plaza principal, el Gobernador Ricardo Gallardo asegur\u00f3 que su administraci\u00f3n prioriza el bienestar de las ni\u00f1as y ni\u00f1os con acciones que fortalecen su desarrollo integral, su acceso a la educaci\u00f3n, la salud y con espacios dignos para su recreaci\u00f3n.<br>Durante el evento, previo a partir el pastel con las ni\u00f1as y ni\u00f1os asistentes al evento, el Gobernador del Estado destac\u00f3 que ellos y ellas son el presente y futuro de Villa de Reyes, por lo que seguir\u00e1 impulsando la educaci\u00f3n en el municipio con la construcci\u00f3n de una nueva preparatoria, proyecto que iniciar\u00e1 en los pr\u00f3ximos d\u00edas, adem\u00e1s de rehabilitar y equipar m\u00e1s planteles, del nivel b\u00e1sico, ubicadas en las comunidades.<br>Es as\u00ed como ni\u00f1as y ni\u00f1os disfrutaron de actividades interactivas, din\u00e1micas y sorpresas organizadas especialmente para celebrar su d\u00eda, en un ambiente familiar que reafirma el compromiso de Ricardo Gallardo Cardona de mantener cercan\u00eda con la gente y atender de manera directa sus necesidades.<br>Finalmente, el Gobernador Ricardo Gallardo reiter\u00f3 que estas celebraciones continuar\u00e1n en diferentes municipios de las cuatro regiones de San Luis Potos\u00ed, llevando alegr\u00eda y apoyos a miles de ni\u00f1as y ni\u00f1os, a la vez que les garantiza un Estado con m\u00e1s oportunidades y una mejor calidad de vida.<\/p>\n","protected":false},"excerpt":{"rendered":"<p>Ricardo Gallardo Cardona, Gobernador de San Luis Potos\u00ed, comenz\u00f3 los festejos del D\u00eda de la<\/p>\n","protected":false},"author":206911971,"featured_media":17824,"comment_status":"open","ping_status":"open","sticky":false,"template":"","format":"standard","meta":{"advanced_seo_description":"","jetpack_seo_html_title":"","jetpack_seo_noindex":false,"_jetpack_newsletter_access":"","_jetpack_dont_email_post_to_subs":false,"_jetpack_newsletter_tier_id":0,"_jetpack_memberships_contains_paywalled_content":false,"_jetpack_memberships_contains_paid_content":false,"footnotes":"","jetpack_publicize_message":"RICARDO GALLARDO ARRANCA CELEBRACIONES DEL D\u00cdA DE LA NI\u00d1EZ EN VILLA DE REYES","jetpack_publicize_feature_enabled":true,"jetpack_social_post_already_shared":true,"jetpack_social_options":{"image_generator_settings":{"template":"highway","default_image_id":0,"font":"","enabled":false},"version":2},"jetpack_post_was_ever_published":false},"categories":[5175715,49001,798],"tags":[799],"class_list":["post-17825","post","type-post","status-publish","format-standard","has-post-thumbnail","hentry","category-al-minuto","category-locales","category-politica","tag-principal"],"jetpack_publicize_connections":[],"jetpack_featured_media_url":"https:\/\/i0.wp.com\/sanluisalminuto.com\/wp-content\/uploads\/2026\/04\/92f60d8a-df06-40ae-a132-46221aa976bc.jpg?fit=1280%2C853&ssl=1","jetpack_likes_enabled":false,"jetpack_sharing_enabled":true,"jetpack_shortlink":"https:\/\/wp.me\/pd6CVZ-4Dv","jetpack-related-posts":[{"id":12077,"url":"https:\/\/sanluisalminuto.com\/?p=12077","url_meta":{"origin":17825,"position":0},"title":"RICARDO GALLARDO ENCABEZAR\u00c1 POSADAS EN LAS CUATRO REGIONES","author":"sanluisalminuto","date":"1 de diciembre de 2024","format":false,"excerpt":"\u2022 La tradicional fiesta navide\u00f1a y el apoyo llegar\u00e1n a las cuatro regiones a partir del 5 de diciembre Para acercar m\u00e1s apoyo a las familias potosinas y compartir el esp\u00edritu de la Navidad con las y los potosinos, el Gobernador de San Luis Potos\u00ed Ricardo Gallardo Cardona, encabezar\u00e1 tradicionales\u2026","rel":"","context":"En \u00abAl Minuto\u00bb","block_context":{"text":"Al Minuto","link":"https:\/\/sanluisalminuto.com\/?cat=5175715"},"img":{"alt_text":"","src":"https:\/\/i0.wp.com\/sanluisalminuto.com\/wp-content\/uploads\/2024\/12\/c6274de5-b314-4006-91e3-1b40392d6e59-1.jpg?fit=1080%2C720&ssl=1&resize=350%2C200","width":350,"height":200,"srcset":"https:\/\/i0.wp.com\/sanluisalminuto.com\/wp-content\/uploads\/2024\/12\/c6274de5-b314-4006-91e3-1b40392d6e59-1.jpg?fit=1080%2C720&ssl=1&resize=350%2C200 1x, https:\/\/i0.wp.com\/sanluisalminuto.com\/wp-content\/uploads\/2024\/12\/c6274de5-b314-4006-91e3-1b40392d6e59-1.jpg?fit=1080%2C720&ssl=1&resize=525%2C300 1.5x, https:\/\/i0.wp.com\/sanluisalminuto.com\/wp-content\/uploads\/2024\/12\/c6274de5-b314-4006-91e3-1b40392d6e59-1.jpg?fit=1080%2C720&ssl=1&resize=700%2C400 2x, https:\/\/i0.wp.com\/sanluisalminuto.com\/wp-content\/uploads\/2024\/12\/c6274de5-b314-4006-91e3-1b40392d6e59-1.jpg?fit=1080%2C720&ssl=1&resize=1050%2C600 3x"},"classes":[]},{"id":15936,"url":"https:\/\/sanluisalminuto.com\/?p=15936","url_meta":{"origin":17825,"position":1},"title":"NI\u00d1AS Y NI\u00d1OS DEL HOSPITAL CENTRAL RECIBEN JUGUETES","author":"sanluisalminuto","date":"23 de diciembre de 2025","format":false,"excerpt":"La solidaridad de la ciudadan\u00eda permiti\u00f3 llevar alegr\u00eda y esperanza a ni\u00f1as y ni\u00f1os que enfrentan momentos dif\u00edciles. En cumplimiento con la instrucci\u00f3n del Gobernador del Estado, Ricardo Gallardo Cardona, de impulsar una Navidad para toda la ni\u00f1ez potosina, el Sistema Estatal para el Desarrollo Integral de la Familia (DIF)\u2026","rel":"","context":"En \u00abAl Minuto\u00bb","block_context":{"text":"Al Minuto","link":"https:\/\/sanluisalminuto.com\/?cat=5175715"},"img":{"alt_text":"","src":"https:\/\/i0.wp.com\/sanluisalminuto.com\/wp-content\/uploads\/2025\/12\/3a94880a-826e-4cfd-9276-cf16f723ae37.jpg?fit=1200%2C801&ssl=1&resize=350%2C200","width":350,"height":200,"srcset":"https:\/\/i0.wp.com\/sanluisalminuto.com\/wp-content\/uploads\/2025\/12\/3a94880a-826e-4cfd-9276-cf16f723ae37.jpg?fit=1200%2C801&ssl=1&resize=350%2C200 1x, https:\/\/i0.wp.com\/sanluisalminuto.com\/wp-content\/uploads\/2025\/12\/3a94880a-826e-4cfd-9276-cf16f723ae37.jpg?fit=1200%2C801&ssl=1&resize=525%2C300 1.5x, https:\/\/i0.wp.com\/sanluisalminuto.com\/wp-content\/uploads\/2025\/12\/3a94880a-826e-4cfd-9276-cf16f723ae37.jpg?fit=1200%2C801&ssl=1&resize=700%2C400 2x, https:\/\/i0.wp.com\/sanluisalminuto.com\/wp-content\/uploads\/2025\/12\/3a94880a-826e-4cfd-9276-cf16f723ae37.jpg?fit=1200%2C801&ssl=1&resize=1050%2C600 3x"},"classes":[]},{"id":5282,"url":"https:\/\/sanluisalminuto.com\/?p=5282","url_meta":{"origin":17825,"position":2},"title":"RICARDO GALLARDO COMPARTE LA ALEGR\u00cdA DEL D\u00cdA DE REYES CON ENTREGA DE ROSCAS EN LA ZONA METROPOLITANA","author":"sanluisalminuto","date":"6 de enero de 2023","format":false,"excerpt":"\u2022 En un acto nunca antes visto, el Gobierno del cambio entreg\u00f3 casa por casa, con el apoyo de dependencias estatales, 20 mil roscas en los sectores m\u00e1s vulnerables del Estado En un acto de sensibilidad social, lo que ning\u00fan Gobierno hab\u00eda hecho antes, el Gobernador de San Luis Potos\u00ed,\u2026","rel":"","context":"En \u00abAl Minuto\u00bb","block_context":{"text":"Al Minuto","link":"https:\/\/sanluisalminuto.com\/?cat=5175715"},"img":{"alt_text":"","src":"https:\/\/i0.wp.com\/sanluisalminuto.com\/wp-content\/uploads\/2023\/01\/image_59ed06b1-0c01-4f5e-817f-256cb1ba73ec.jpg?resize=350%2C200&ssl=1","width":350,"height":200,"srcset":"https:\/\/i0.wp.com\/sanluisalminuto.com\/wp-content\/uploads\/2023\/01\/image_59ed06b1-0c01-4f5e-817f-256cb1ba73ec.jpg?resize=350%2C200&ssl=1 1x, https:\/\/i0.wp.com\/sanluisalminuto.com\/wp-content\/uploads\/2023\/01\/image_59ed06b1-0c01-4f5e-817f-256cb1ba73ec.jpg?resize=525%2C300&ssl=1 1.5x, https:\/\/i0.wp.com\/sanluisalminuto.com\/wp-content\/uploads\/2023\/01\/image_59ed06b1-0c01-4f5e-817f-256cb1ba73ec.jpg?resize=700%2C400&ssl=1 2x, https:\/\/i0.wp.com\/sanluisalminuto.com\/wp-content\/uploads\/2023\/01\/image_59ed06b1-0c01-4f5e-817f-256cb1ba73ec.jpg?resize=1050%2C600&ssl=1 3x"},"classes":[]},{"id":8976,"url":"https:\/\/sanluisalminuto.com\/?p=8976","url_meta":{"origin":17825,"position":3},"title":"RICARDO GALLARDO INICIAR\u00c1 POSADAS NAVIDE\u00d1AS ESTE MARTES","author":"sanluisalminuto","date":"3 de diciembre de 2023","format":false,"excerpt":"\u2022 Familias de los municipios de San Mart\u00edn Chalchicuautla y Tamazunchale vivir\u00e1n con alegr\u00eda de las festividades navide\u00f1as, la uni\u00f3n familiar y la sana convivencia Este martes el Gobernador de San Luis Potos\u00ed Ricardo Gallardo Cardona, iniciar\u00e1 la Gira Navide\u00f1a que llevar\u00e1 mediante 78 posadas en los 58 municipios, regalos,\u2026","rel":"","context":"En \u00abAl Minuto\u00bb","block_context":{"text":"Al Minuto","link":"https:\/\/sanluisalminuto.com\/?cat=5175715"},"img":{"alt_text":"","src":"https:\/\/i0.wp.com\/sanluisalminuto.com\/wp-content\/uploads\/2023\/12\/4105ad3b-47a7-47d2-9eeb-de8d9274a77c-1.jpg?fit=1024%2C682&ssl=1&resize=350%2C200","width":350,"height":200,"srcset":"https:\/\/i0.wp.com\/sanluisalminuto.com\/wp-content\/uploads\/2023\/12\/4105ad3b-47a7-47d2-9eeb-de8d9274a77c-1.jpg?fit=1024%2C682&ssl=1&resize=350%2C200 1x, https:\/\/i0.wp.com\/sanluisalminuto.com\/wp-content\/uploads\/2023\/12\/4105ad3b-47a7-47d2-9eeb-de8d9274a77c-1.jpg?fit=1024%2C682&ssl=1&resize=525%2C300 1.5x, https:\/\/i0.wp.com\/sanluisalminuto.com\/wp-content\/uploads\/2023\/12\/4105ad3b-47a7-47d2-9eeb-de8d9274a77c-1.jpg?fit=1024%2C682&ssl=1&resize=700%2C400 2x"},"classes":[]},{"id":13455,"url":"https:\/\/sanluisalminuto.com\/?p=13455","url_meta":{"origin":17825,"position":4},"title":"AC busca alegrar el D\u00eda del Ni\u00f1o","author":"sanluisalminuto","date":"11 de abril de 2025","format":false,"excerpt":"A menos de tres semanas del D\u00eda del Ni\u00f1o, la asociaci\u00f3n civil Juan de Dios con Causa lanz\u00f3 una convocatoria solidaria dirigida a la ciudadan\u00eda potosina, con el objetivo de reunir 1,200 juguetes y 1,200 dulces para llevar alegr\u00eda a ni\u00f1as y ni\u00f1os de comunidades en situaci\u00f3n de vulnerabilidad. La\u2026","rel":"","context":"En \u00abAl Minuto\u00bb","block_context":{"text":"Al Minuto","link":"https:\/\/sanluisalminuto.com\/?cat=5175715"},"img":{"alt_text":"","src":"https:\/\/i0.wp.com\/sanluisalminuto.com\/wp-content\/uploads\/2025\/04\/6148ef38-9427-49ed-bfcc-548d7a20832c-1.jpg?fit=1200%2C675&ssl=1&resize=350%2C200","width":350,"height":200,"srcset":"https:\/\/i0.wp.com\/sanluisalminuto.com\/wp-content\/uploads\/2025\/04\/6148ef38-9427-49ed-bfcc-548d7a20832c-1.jpg?fit=1200%2C675&ssl=1&resize=350%2C200 1x, https:\/\/i0.wp.com\/sanluisalminuto.com\/wp-content\/uploads\/2025\/04\/6148ef38-9427-49ed-bfcc-548d7a20832c-1.jpg?fit=1200%2C675&ssl=1&resize=525%2C300 1.5x, https:\/\/i0.wp.com\/sanluisalminuto.com\/wp-content\/uploads\/2025\/04\/6148ef38-9427-49ed-bfcc-548d7a20832c-1.jpg?fit=1200%2C675&ssl=1&resize=700%2C400 2x, https:\/\/i0.wp.com\/sanluisalminuto.com\/wp-content\/uploads\/2025\/04\/6148ef38-9427-49ed-bfcc-548d7a20832c-1.jpg?fit=1200%2C675&ssl=1&resize=1050%2C600 3x"},"classes":[]},{"id":9124,"url":"https:\/\/sanluisalminuto.com\/?p=9124","url_meta":{"origin":17825,"position":5},"title":"DIF ESTATAL LLEVA ALEGR\u00cdA A M\u00c1S DE 29 MIL NI\u00d1AS Y NI\u00d1OS POTOSINOS","author":"sanluisalminuto","date":"27 de diciembre de 2023","format":false,"excerpt":"\u2022 Como parte de la campa\u00f1a \u201cRegalos con Amor 2023\u201d, dicho organismo de asistencia social recorre las comunidades de las cuatro regiones del Estado. Una vez m\u00e1s, la campa\u00f1a \u201cRegalos con Amor para Peque\u00f1os Corazones\u201d emprendida por Ruth Gonz\u00e1lez Silva, presidenta honoraria del Sistema Estatal para el Desarrollo Integral de\u2026","rel":"","context":"En \u00abAl Minuto\u00bb","block_context":{"text":"Al Minuto","link":"https:\/\/sanluisalminuto.com\/?cat=5175715"},"img":{"alt_text":"","src":"https:\/\/i0.wp.com\/sanluisalminuto.com\/wp-content\/uploads\/2023\/12\/2fe4bf96-f4cd-418f-ada8-5bb5309b7c71-1.jpg?fit=800%2C1200&ssl=1&resize=350%2C200","width":350,"height":200,"srcset":"https:\/\/i0.wp.com\/sanluisalminuto.com\/wp-content\/uploads\/2023\/12\/2fe4bf96-f4cd-418f-ada8-5bb5309b7c71-1.jpg?fit=800%2C1200&ssl=1&resize=350%2C200 1x, https:\/\/i0.wp.com\/sanluisalminuto.com\/wp-content\/uploads\/2023\/12\/2fe4bf96-f4cd-418f-ada8-5bb5309b7c71-1.jpg?fit=800%2C1200&ssl=1&resize=525%2C300 1.5x, https:\/\/i0.wp.com\/sanluisalminuto.com\/wp-content\/uploads\/2023\/12\/2fe4bf96-f4cd-418f-ada8-5bb5309b7c71-1.jpg?fit=800%2C1200&ssl=1&resize=700%2C400 2x"},"classes":[]}],"_links":{"self":[{"href":"https:\/\/sanluisalminuto.com\/index.php?rest_route=\/wp\/v2\/posts\/17825","targetHints":{"allow":["GET"]}}],"collection":[{"href":"https:\/\/sanluisalminuto.com\/index.php?rest_route=\/wp\/v2\/posts"}],"about":[{"href":"https:\/\/sanluisalminuto.com\/index.php?rest_route=\/wp\/v2\/types\/post"}],"author":[{"embeddable":true,"href":"https:\/\/sanluisalminuto.com\/index.php?rest_route=\/wp\/v2\/users\/206911971"}],"replies":[{"embeddable":true,"href":"https:\/\/sanluisalminuto.com\/index.php?rest_route=%2Fwp%2Fv2%2Fcomments&post=17825"}],"version-history":[{"count":1,"href":"https:\/\/sanluisalminuto.com\/index.php?rest_route=\/wp\/v2\/posts\/17825\/revisions"}],"predecessor-version":[{"id":17826,"href":"https:\/\/sanluisalminuto.com\/index.php?rest_route=\/wp\/v2\/posts\/17825\/revisions\/17826"}],"wp:featuredmedia":[{"embeddable":true,"href":"https:\/\/sanluisalminuto.com\/index.php?rest_route=\/wp\/v2\/media\/17824"}],"wp:attachment":[{"href":"https:\/\/sanluisalminuto.com\/index.php?rest_route=%2Fwp%2Fv2%2Fmedia&parent=17825"}],"wp:term":[{"taxonomy":"category","embeddable":true,"href":"https:\/\/sanluisalminuto.com\/index.php?rest_route=%2Fwp%2Fv2%2Fcategories&post=17825"},{"taxonomy":"post_tag","embeddable":true,"href":"https:\/\/sanluisalminuto.com\/index.php?rest_route=%2Fwp%2Fv2%2Ftags&post=17825"}],"curies":[{"name":"wp","href":"https:\/\/api.w.org\/{rel}","templated":true}]}}