{"id":17763,"date":"2026-04-21T14:31:42","date_gmt":"2026-04-21T20:31:42","guid":{"rendered":"https:\/\/sanluisalminuto.com\/?p=17763"},"modified":"2026-04-21T14:31:42","modified_gmt":"2026-04-21T20:31:42","slug":"reunion-nacional-de-proteccion-civil-para-la-temporada-de-lluvias-y-ciclones-tropicales-2026-fortalecera-la-coordinacion-con-las-32-entidades-federativas","status":"publish","type":"post","link":"https:\/\/sanluisalminuto.com\/?p=17763","title":{"rendered":"REUNI\u00d3N NACIONAL DE PROTECCI\u00d3N CIVIL PARA LA TEMPORADA DE LLUVIAS Y CICLONES TROPICALES 2026, FORTALECER\u00c1 LA COORDINACI\u00d3N CON LAS 32 ENTIDADES FEDERATIVAS"},"content":{"rendered":"\n<p><\/p>\n\n\n\n<p>-En representaci\u00f3n de San Luis Potos\u00ed, asistir\u00e1 el titular de la CEPC, Mauricio Ordaz Flores, del 22 al 24 de abril en Boca del Rio, Veracruz<\/p>\n\n\n\n<p>Con el proposito de fortalecer las acciones entre el Gobierno de M\u00e9xico y los Sistemas Estatales y Municipales de Protecci\u00f3n Civil, el titular de la Coordinaci\u00f3n Estatal de Protecci\u00f3n Civil, Mauricio Ordaz Flores, acudir\u00e1 a la Reuni\u00f3n Nacional de Protecci\u00f3n Civil para la Temporada de Lluvias y Ciclones Tropicales 2026, del 22 al 24 de abril en Boca del Rio, Veracruz.<\/p>\n\n\n\n<p>En dicho encuentro encabezado por la Coordinadora Nacional de Protecci\u00f3n Civil, Laura Vel\u00e1zquez Alz\u00faa, se contempla la participaci\u00f3n de las y los titulares de Protecci\u00f3n Civil de las 32 Entidades Federativas, dependencias, integrantes de los Sistemas Nacional, Estatales y Municipales de Protecci\u00f3n Civil, a efecto de que cuenten con informaci\u00f3n actualizada sobre la temporada de lluvias y ciclones tropicales 2026, asi como las medidas de prevenci\u00f3n y preparaci\u00f3n que permitan difundir oportunamente recomendaciones a la poblaci\u00f3n y fortalecer su protecci\u00f3n ante los riesgos asociados a fen\u00f3menos hidrometeorol\u00f3gicos contribuyendo a contar con una sociedad mejor preparada.<\/p>\n\n\n\n<p>Ante la proximidad de la temporada de lluvias y ciclones tropicales 2026, resulta<br \/>fundamental fortalecer la coordinaci\u00f3n interinstitucional, la planeaci\u00f3n preventiva y<br \/>los mecanismos de preparaci\u00f3n entre los tres \u00f3rdenes de gobierno, con el prop\u00f3sito<br \/>de reducir riesgos, proteger a la poblaci\u00f3n, salvaguardar sus bienes y mitigar los<br \/>posibles efectos derivados de fen\u00f3menos hidrometeorol\u00f3gicos.<\/p>\n\n\n\n<p>En este contexto, la Reuni\u00f3n Nacional de Protecci\u00f3n Civil constituye un espacio estrat\u00e9gico para el intercambio de informaci\u00f3n, la actualizaci\u00f3n de pron\u00f3sticos y escenarios de riesgo, as\u00ed como para la definici\u00f3n de acciones conjuntas orientadas a mejorar las capacidades de respuesta y atenci\u00f3n ante posibles emergencias o desastres.<\/p>\n","protected":false},"excerpt":{"rendered":"<p>-En representaci\u00f3n de San Luis Potos\u00ed, asistir\u00e1 el titular de la CEPC, Mauricio Ordaz Flores,<\/p>\n","protected":false},"author":206911971,"featured_media":17762,"comment_status":"open","ping_status":"open","sticky":false,"template":"","format":"standard","meta":{"advanced_seo_description":"","jetpack_seo_html_title":"","jetpack_seo_noindex":false,"_jetpack_newsletter_access":"","_jetpack_dont_email_post_to_subs":false,"_jetpack_newsletter_tier_id":0,"_jetpack_memberships_contains_paywalled_content":false,"_jetpack_memberships_contains_paid_content":false,"footnotes":"","jetpack_publicize_message":"REUNI\u00d3N NACIONAL DE PROTECCI\u00d3N CIVIL PARA LA TEMPORADA DE LLUVIAS Y CICLONES TROPICALES 2026, FORTALECER\u00c1 LA COORDINACI\u00d3N CON LAS 32 ENTIDADES FEDERATIVAS","jetpack_publicize_feature_enabled":true,"jetpack_social_post_already_shared":true,"jetpack_social_options":{"image_generator_settings":{"template":"highway","default_image_id":0,"font":"","enabled":false},"version":2},"jetpack_post_was_ever_published":false},"categories":[5175715,49001,798,9229],"tags":[799],"class_list":["post-17763","post","type-post","status-publish","format-standard","has-post-thumbnail","hentry","category-al-minuto","category-locales","category-politica","category-seguridad","tag-principal"],"jetpack_publicize_connections":[],"jetpack_featured_media_url":"https:\/\/i0.wp.com\/sanluisalminuto.com\/wp-content\/uploads\/2026\/04\/66ede365-2942-42bd-b081-804c6831de6a.jpg?fit=1600%2C1200&ssl=1","jetpack_likes_enabled":false,"jetpack_sharing_enabled":true,"jetpack_shortlink":"https:\/\/wp.me\/pd6CVZ-4Cv","jetpack-related-posts":[{"id":10565,"url":"https:\/\/sanluisalminuto.com\/?p=10565","url_meta":{"origin":17763,"position":0},"title":"GOBIERNO ESTATAL PREPARADO ANTE PRON\u00d3STICO DE FUERTES LLUVIAS EN SLP","author":"sanluisalminuto","date":"19 de junio de 2024","format":false,"excerpt":"\u2022 Dar\u00e1 cobertura en los 20 municipios de la Huasteca, donde se prev\u00e9 mayor impacto del primer cicl\u00f3n tropical de la temporada, de acuerdo con el Servicio Meteorol\u00f3gico Nacional La Coordinaci\u00f3n Estatal de Protecci\u00f3n Civil (CEPC), implementa desde este mi\u00e9rcoles un operativo especial principalmente en la Huasteca, ante el pron\u00f3stico\u2026","rel":"","context":"En \u00abAl Minuto\u00bb","block_context":{"text":"Al Minuto","link":"https:\/\/sanluisalminuto.com\/?cat=5175715"},"img":{"alt_text":"","src":"https:\/\/i0.wp.com\/sanluisalminuto.com\/wp-content\/uploads\/2024\/06\/dad64473-95d0-4099-b072-7247ad9234e0-1.jpg?fit=760%2C760&ssl=1&resize=350%2C200","width":350,"height":200,"srcset":"https:\/\/i0.wp.com\/sanluisalminuto.com\/wp-content\/uploads\/2024\/06\/dad64473-95d0-4099-b072-7247ad9234e0-1.jpg?fit=760%2C760&ssl=1&resize=350%2C200 1x, https:\/\/i0.wp.com\/sanluisalminuto.com\/wp-content\/uploads\/2024\/06\/dad64473-95d0-4099-b072-7247ad9234e0-1.jpg?fit=760%2C760&ssl=1&resize=525%2C300 1.5x, https:\/\/i0.wp.com\/sanluisalminuto.com\/wp-content\/uploads\/2024\/06\/dad64473-95d0-4099-b072-7247ad9234e0-1.jpg?fit=760%2C760&ssl=1&resize=700%2C400 2x"},"classes":[]},{"id":3981,"url":"https:\/\/sanluisalminuto.com\/?p=3981","url_meta":{"origin":17763,"position":1},"title":"DIRECTOR DE PROTECCI\u00d3N CIVIL ESTATAL MAURICIO ORDAZ FLORES SE MANTIENE EN ALERTA POR EL PASO DE LA TORMENTA KARL","author":"sanluisalminuto","date":"12 de octubre de 2022","format":false,"excerpt":"PROTECCI\u00d2N CIVIL SE MANTIENE ALERTA POR LA TRAYECTORIA DE LA TORMENTA TROPICAL KARL -Debido a que se espera que toque las cosas de Veracruz el jueves se espera que se registren fuertes lluvias en la Huasteca y zona Media. La Coordinaci\u00f3n Estatal de Protecci\u00f3n Civil (CEPC), informa que la tormenta\u2026","rel":"","context":"En \u00abAl Minuto\u00bb","block_context":{"text":"Al Minuto","link":"https:\/\/sanluisalminuto.com\/?cat=5175715"},"img":{"alt_text":"","src":"https:\/\/i0.wp.com\/sanluisalminuto.com\/wp-content\/uploads\/2022\/10\/image_c260e842-9652-48e3-94ca-119c2aeb5cc9.jpg?resize=350%2C200&ssl=1","width":350,"height":200,"srcset":"https:\/\/i0.wp.com\/sanluisalminuto.com\/wp-content\/uploads\/2022\/10\/image_c260e842-9652-48e3-94ca-119c2aeb5cc9.jpg?resize=350%2C200&ssl=1 1x, https:\/\/i0.wp.com\/sanluisalminuto.com\/wp-content\/uploads\/2022\/10\/image_c260e842-9652-48e3-94ca-119c2aeb5cc9.jpg?resize=525%2C300&ssl=1 1.5x, https:\/\/i0.wp.com\/sanluisalminuto.com\/wp-content\/uploads\/2022\/10\/image_c260e842-9652-48e3-94ca-119c2aeb5cc9.jpg?resize=700%2C400&ssl=1 2x, https:\/\/i0.wp.com\/sanluisalminuto.com\/wp-content\/uploads\/2022\/10\/image_c260e842-9652-48e3-94ca-119c2aeb5cc9.jpg?resize=1050%2C600&ssl=1 3x, https:\/\/i0.wp.com\/sanluisalminuto.com\/wp-content\/uploads\/2022\/10\/image_c260e842-9652-48e3-94ca-119c2aeb5cc9.jpg?resize=1400%2C800&ssl=1 4x"},"classes":[]},{"id":15794,"url":"https:\/\/sanluisalminuto.com\/?p=15794","url_meta":{"origin":17763,"position":2},"title":"SAN LUIS FORTALECE SU COORDINACI\u00d3N NACIONAL EN PROTECCI\u00d3N CIVIL","author":"sanluisalminuto","date":"6 de diciembre de 2025","format":false,"excerpt":"La entidad particip\u00f3 en la Reuni\u00f3n Nacional de Protecci\u00f3n Civil para consolidar estrategias de prevenci\u00f3n y respuesta rumbo a 2026. Por instrucci\u00f3n del Gobernador Ricardo Gallardo Cardona, el titular de la Coordinaci\u00f3n Estatal de Protecci\u00f3n Civil (CEPC), Mauricio Ordaz Flores, particip\u00f3 en la Reuni\u00f3n Nacional de Protecci\u00f3n Civil realizada en\u2026","rel":"","context":"En \u00abAl Minuto\u00bb","block_context":{"text":"Al Minuto","link":"https:\/\/sanluisalminuto.com\/?cat=5175715"},"img":{"alt_text":"","src":"https:\/\/i0.wp.com\/sanluisalminuto.com\/wp-content\/uploads\/2025\/12\/320decdd-0411-4e03-b379-20f4587d0d55.jpg?fit=1200%2C800&ssl=1&resize=350%2C200","width":350,"height":200,"srcset":"https:\/\/i0.wp.com\/sanluisalminuto.com\/wp-content\/uploads\/2025\/12\/320decdd-0411-4e03-b379-20f4587d0d55.jpg?fit=1200%2C800&ssl=1&resize=350%2C200 1x, https:\/\/i0.wp.com\/sanluisalminuto.com\/wp-content\/uploads\/2025\/12\/320decdd-0411-4e03-b379-20f4587d0d55.jpg?fit=1200%2C800&ssl=1&resize=525%2C300 1.5x, https:\/\/i0.wp.com\/sanluisalminuto.com\/wp-content\/uploads\/2025\/12\/320decdd-0411-4e03-b379-20f4587d0d55.jpg?fit=1200%2C800&ssl=1&resize=700%2C400 2x, https:\/\/i0.wp.com\/sanluisalminuto.com\/wp-content\/uploads\/2025\/12\/320decdd-0411-4e03-b379-20f4587d0d55.jpg?fit=1200%2C800&ssl=1&resize=1050%2C600 3x"},"classes":[]},{"id":16242,"url":"https:\/\/sanluisalminuto.com\/?p=16242","url_meta":{"origin":17763,"position":3},"title":"MAURICIO ORDAZ FLORES Y SU EQUIPO  COORDINAN EL  OPERATIVO DE SEGURIDAD PARA LA CARAVANA DE LA FE 2026","author":"sanluisalminuto","date":"15 de enero de 2026","format":false,"excerpt":"Protecci\u00f3n Civil Estatal fortalece el trabajo con dependencias de seguridad, salud y cuerpos de emergencia para proteger a miles de peregrinos. La Coordinaci\u00f3n Estatal de Protecci\u00f3n Civil (CEPC) encabez\u00f3 una reuni\u00f3n interinstitucional para definir el operativo de seguridad de la Caravana de la Fe 2026, en cumplimiento con la instrucci\u00f3n\u2026","rel":"","context":"En \u00abAl Minuto\u00bb","block_context":{"text":"Al Minuto","link":"https:\/\/sanluisalminuto.com\/?cat=5175715"},"img":{"alt_text":"","src":"https:\/\/i0.wp.com\/sanluisalminuto.com\/wp-content\/uploads\/2026\/01\/69587960-7ce0-409f-90fd-729577b6e278.jpg?fit=1200%2C900&ssl=1&resize=350%2C200","width":350,"height":200,"srcset":"https:\/\/i0.wp.com\/sanluisalminuto.com\/wp-content\/uploads\/2026\/01\/69587960-7ce0-409f-90fd-729577b6e278.jpg?fit=1200%2C900&ssl=1&resize=350%2C200 1x, https:\/\/i0.wp.com\/sanluisalminuto.com\/wp-content\/uploads\/2026\/01\/69587960-7ce0-409f-90fd-729577b6e278.jpg?fit=1200%2C900&ssl=1&resize=525%2C300 1.5x, https:\/\/i0.wp.com\/sanluisalminuto.com\/wp-content\/uploads\/2026\/01\/69587960-7ce0-409f-90fd-729577b6e278.jpg?fit=1200%2C900&ssl=1&resize=700%2C400 2x, https:\/\/i0.wp.com\/sanluisalminuto.com\/wp-content\/uploads\/2026\/01\/69587960-7ce0-409f-90fd-729577b6e278.jpg?fit=1200%2C900&ssl=1&resize=1050%2C600 3x"},"classes":[]},{"id":17422,"url":"https:\/\/sanluisalminuto.com\/?p=17422","url_meta":{"origin":17763,"position":4},"title":"MAURICIO ORDAZ FLORES BAJO EL MANDO DE LA COORDINACI\u00d3N DE PROTECCION CIVIL SLP PONE EN MARCHA EL OPERATIVO \u00abSEMANA SANTA SEGURA 2026\u00bb","author":"sanluisalminuto","date":"30 de marzo de 2026","format":false,"excerpt":"Bajo la Coordinaci\u00f3n Estatal de Protecci\u00f3n Civil, los tres \u00f3rdenes de gobierno suman esfuerzos para garantizar la integridad de turistas nacionales y extranjeros durante el periodo vacacional Con el objetivo de consolidar al estado como un destino de orden y paz, el titular de la Coordinaci\u00f3n Estatal de Protecci\u00f3n Civil\u2026","rel":"","context":"En \u00abAl Minuto\u00bb","block_context":{"text":"Al Minuto","link":"https:\/\/sanluisalminuto.com\/?cat=5175715"},"img":{"alt_text":"","src":"https:\/\/i0.wp.com\/sanluisalminuto.com\/wp-content\/uploads\/2026\/03\/img_1132.jpg?fit=781%2C1200&ssl=1&resize=350%2C200","width":350,"height":200,"srcset":"https:\/\/i0.wp.com\/sanluisalminuto.com\/wp-content\/uploads\/2026\/03\/img_1132.jpg?fit=781%2C1200&ssl=1&resize=350%2C200 1x, https:\/\/i0.wp.com\/sanluisalminuto.com\/wp-content\/uploads\/2026\/03\/img_1132.jpg?fit=781%2C1200&ssl=1&resize=525%2C300 1.5x, https:\/\/i0.wp.com\/sanluisalminuto.com\/wp-content\/uploads\/2026\/03\/img_1132.jpg?fit=781%2C1200&ssl=1&resize=700%2C400 2x"},"classes":[]},{"id":10163,"url":"https:\/\/sanluisalminuto.com\/?p=10163","url_meta":{"origin":17763,"position":5},"title":"EL COORDINADOR ESTATAL DE PROTECCION CIVIL . MAURICIO ORDAZ FLORES EN ESPERA DE LA ALERTA DE DESASTRE POR INCENDIOS","author":"sanluisalminuto","date":"6 de mayo de 2024","format":false,"excerpt":"A la espera de la alerta de desastre y permanece protecci\u00f3n civil ante el aumento de incendios forestales en la zona, confirm\u00f3 Mauricio Ordaz Flores, titular de la dependencia. Hasta el momento permanecen atendiendo los incendios de Ciudad del Ma\u00edz y Santa Mar\u00eda del R\u00edo, con aeronaves que se pusieron\u2026","rel":"","context":"En \u00abAl Minuto\u00bb","block_context":{"text":"Al Minuto","link":"https:\/\/sanluisalminuto.com\/?cat=5175715"},"img":{"alt_text":"","src":"https:\/\/i0.wp.com\/sanluisalminuto.com\/wp-content\/uploads\/2024\/05\/56f94211-b84b-4da9-b314-c26cd35564db-1.jpg?fit=1200%2C675&ssl=1&resize=350%2C200","width":350,"height":200,"srcset":"https:\/\/i0.wp.com\/sanluisalminuto.com\/wp-content\/uploads\/2024\/05\/56f94211-b84b-4da9-b314-c26cd35564db-1.jpg?fit=1200%2C675&ssl=1&resize=350%2C200 1x, https:\/\/i0.wp.com\/sanluisalminuto.com\/wp-content\/uploads\/2024\/05\/56f94211-b84b-4da9-b314-c26cd35564db-1.jpg?fit=1200%2C675&ssl=1&resize=525%2C300 1.5x, https:\/\/i0.wp.com\/sanluisalminuto.com\/wp-content\/uploads\/2024\/05\/56f94211-b84b-4da9-b314-c26cd35564db-1.jpg?fit=1200%2C675&ssl=1&resize=700%2C400 2x, https:\/\/i0.wp.com\/sanluisalminuto.com\/wp-content\/uploads\/2024\/05\/56f94211-b84b-4da9-b314-c26cd35564db-1.jpg?fit=1200%2C675&ssl=1&resize=1050%2C600 3x"},"classes":[]}],"_links":{"self":[{"href":"https:\/\/sanluisalminuto.com\/index.php?rest_route=\/wp\/v2\/posts\/17763","targetHints":{"allow":["GET"]}}],"collection":[{"href":"https:\/\/sanluisalminuto.com\/index.php?rest_route=\/wp\/v2\/posts"}],"about":[{"href":"https:\/\/sanluisalminuto.com\/index.php?rest_route=\/wp\/v2\/types\/post"}],"author":[{"embeddable":true,"href":"https:\/\/sanluisalminuto.com\/index.php?rest_route=\/wp\/v2\/users\/206911971"}],"replies":[{"embeddable":true,"href":"https:\/\/sanluisalminuto.com\/index.php?rest_route=%2Fwp%2Fv2%2Fcomments&post=17763"}],"version-history":[{"count":0,"href":"https:\/\/sanluisalminuto.com\/index.php?rest_route=\/wp\/v2\/posts\/17763\/revisions"}],"wp:featuredmedia":[{"embeddable":true,"href":"https:\/\/sanluisalminuto.com\/index.php?rest_route=\/wp\/v2\/media\/17762"}],"wp:attachment":[{"href":"https:\/\/sanluisalminuto.com\/index.php?rest_route=%2Fwp%2Fv2%2Fmedia&parent=17763"}],"wp:term":[{"taxonomy":"category","embeddable":true,"href":"https:\/\/sanluisalminuto.com\/index.php?rest_route=%2Fwp%2Fv2%2Fcategories&post=17763"},{"taxonomy":"post_tag","embeddable":true,"href":"https:\/\/sanluisalminuto.com\/index.php?rest_route=%2Fwp%2Fv2%2Ftags&post=17763"}],"curies":[{"name":"wp","href":"https:\/\/api.w.org\/{rel}","templated":true}]}}