{"id":17729,"date":"2026-04-19T13:48:15","date_gmt":"2026-04-19T19:48:15","guid":{"rendered":"https:\/\/sanluisalminuto.com\/?p=17729"},"modified":"2026-04-19T13:48:15","modified_gmt":"2026-04-19T19:48:15","slug":"estado-refuerza-prevencion-y-atencion-ante-temporada-de-lluvias","status":"publish","type":"post","link":"https:\/\/sanluisalminuto.com\/?p=17729","title":{"rendered":"ESTADO REFUERZA PREVENCI\u00d3N Y ATENCI\u00d3N ANTE TEMPORADA DE LLUVIAS\u2022"},"content":{"rendered":"\n<p><code>Solo Villa de Arista registra afectaciones tras tromba y granizada; autoridades mantienen monitoreo permanente.<\/code><\/p>\n\n\n\n<p>Como parte de las acciones que impulsa el Gobernador Ricardo Gallardo Cardona para fortalecer la prevenci\u00f3n y atenci\u00f3n oportuna ante fen\u00f3menos meteorol\u00f3gicos, la Coordinaci\u00f3n Estatal de Protecci\u00f3n Civil (CEPC) mantiene labores de monitoreo, vigilancia y coordinaci\u00f3n sin l\u00edmites con las Unidades Municipales en el Altiplano potosino, tras las lluvias registradas en las \u00faltimas horas.<br>De acuerdo con la dependencia, se presentaron lluvias ligeras e intermitentes en municipios como Real de Catorce, Cedral, Matehuala, Villa de Guadalupe, Vanegas, Charcas, Venado, Guadalc\u00e1zar, Villa de la Paz y Ahualulco Moctezuma, mientras que en Villa de Arista se registr\u00f3 una tromba con granizada que provoc\u00f3 afectaciones en la comunidad de Derramaderos, donde el camino principal result\u00f3 da\u00f1ado por la bajada de agua, siendo atendido de manera inmediata por autoridades municipales, reflejando el cambio que se vive y se siente en la capacidad de respuesta.<br>Asimismo, en el municipio de Moctezuma, en la comunidad de San Jos\u00e9 del Grito, se report\u00f3 acumulaci\u00f3n de grava y arena sobre el camino hacia Ahualulco, por lo que ya se realizan trabajos para despejar la vialidad. La CEPC inform\u00f3 que se mantiene atenta ante la presencia del frente fr\u00edo n\u00famero 45, que podr\u00eda generar tormentas el\u00e9ctricas, granizadas, lluvias fuertes y tolvaneras en el Altiplano, con posible extensi\u00f3n a las zonas Centro y Media, garantizando atenci\u00f3n inmediata en caso de cualquier contingencia.<\/p>\n","protected":false},"excerpt":{"rendered":"<p>Solo Villa de Arista registra afectaciones tras tromba y granizada; autoridades mantienen monitoreo permanente. Como<\/p>\n","protected":false},"author":206911971,"featured_media":17728,"comment_status":"open","ping_status":"open","sticky":false,"template":"","format":"standard","meta":{"advanced_seo_description":"","jetpack_seo_html_title":"","jetpack_seo_noindex":false,"_jetpack_newsletter_access":"","_jetpack_dont_email_post_to_subs":false,"_jetpack_newsletter_tier_id":0,"_jetpack_memberships_contains_paywalled_content":false,"_jetpack_memberships_contains_paid_content":false,"footnotes":"","jetpack_publicize_message":"ESTADO REFUERZA PREVENCI\u00d3N Y ATENCI\u00d3N ANTE TEMPORADA DE LLUVIAS\u2022","jetpack_publicize_feature_enabled":true,"jetpack_social_post_already_shared":true,"jetpack_social_options":{"image_generator_settings":{"template":"highway","default_image_id":0,"font":"","enabled":false},"version":2},"jetpack_post_was_ever_published":false},"categories":[5175715,49001,798,9229],"tags":[799],"class_list":["post-17729","post","type-post","status-publish","format-standard","has-post-thumbnail","hentry","category-al-minuto","category-locales","category-politica","category-seguridad","tag-principal"],"jetpack_publicize_connections":[],"jetpack_featured_media_url":"https:\/\/i0.wp.com\/sanluisalminuto.com\/wp-content\/uploads\/2026\/04\/b199c24a-7605-41a2-b06e-b089b873d50d.jpg?fit=2000%2C1339&ssl=1","jetpack_likes_enabled":false,"jetpack_sharing_enabled":true,"jetpack_shortlink":"https:\/\/wp.me\/pd6CVZ-4BX","jetpack-related-posts":[{"id":17731,"url":"https:\/\/sanluisalminuto.com\/?p=17731","url_meta":{"origin":17729,"position":0},"title":"EL COORDINADOR DE PROTECCI\u00d3N CIVIL ESTATAL MAURICIO ORDAZ FLORES EN LA MESA DE COORDINACI\u00d3N PARA LA PAZ LO FELICITAN POR SU DESEMPE\u00d1O","author":"sanluisalminuto","date":"20 de abril de 2026","format":false,"excerpt":"La ma\u00f1ana de este lunes, el Coordinador de Protecci\u00f3n Civil Estatal, Mauricio Ordaz Flores, acude a la Mesa de Coordinaci\u00f3n para la Construcci\u00f3n de la Paz Social en un ejercicio de rendici\u00f3n de cuentas ante la sociedad. Ah\u00ed, se dio lectura al balance de resultados obtenidos por la CEPC en\u2026","rel":"","context":"En \u00abAl Minuto\u00bb","block_context":{"text":"Al Minuto","link":"https:\/\/sanluisalminuto.com\/?cat=5175715"},"img":{"alt_text":"","src":"https:\/\/i0.wp.com\/sanluisalminuto.com\/wp-content\/uploads\/2026\/04\/20ac2dfc-6ecb-4ef6-a29e-692ef3fefe18.jpg?fit=675%2C1200&ssl=1&resize=350%2C200","width":350,"height":200,"srcset":"https:\/\/i0.wp.com\/sanluisalminuto.com\/wp-content\/uploads\/2026\/04\/20ac2dfc-6ecb-4ef6-a29e-692ef3fefe18.jpg?fit=675%2C1200&ssl=1&resize=350%2C200 1x, https:\/\/i0.wp.com\/sanluisalminuto.com\/wp-content\/uploads\/2026\/04\/20ac2dfc-6ecb-4ef6-a29e-692ef3fefe18.jpg?fit=675%2C1200&ssl=1&resize=525%2C300 1.5x"},"classes":[]},{"id":3635,"url":"https:\/\/sanluisalminuto.com\/?p=3635","url_meta":{"origin":17729,"position":1},"title":"RETIRAN TONELADAS DE BASURA EN SAN LUIS","author":"sanluisalminuto","date":"18 de agosto de 2022","format":false,"excerpt":"Con la limpieza de los colectores pluviales y de sus zonas aleda\u00f1as, en Villa de Pozos se realizan en acciones preventivas en las zonas bajas de esta demarcaci\u00f3n, para evitar mayores afectaciones durante esta temporada de lluvias, inform\u00f3 el delegado Jos\u00e9 \u00c1ngel Castillo Torres. Tambi\u00e9n a\u00f1adi\u00f3 que para cumplir con\u2026","rel":"","context":"En \u00abAl Minuto\u00bb","block_context":{"text":"Al Minuto","link":"https:\/\/sanluisalminuto.com\/?cat=5175715"},"img":{"alt_text":"","src":"","width":0,"height":0},"classes":[]},{"id":14064,"url":"https:\/\/sanluisalminuto.com\/?p=14064","url_meta":{"origin":17729,"position":2},"title":"RESTRINGEN ACTIVIDADES ACUATICAS EN PARAJES TURISTICOS DE LA HUASTECA POR INCREMENTO EN NIVELES DE AGUA","author":"sanluisalminuto","date":"20 de junio de 2025","format":false,"excerpt":"Derivado de los remanentes del hurac\u00e1n \u201cErick\u201d y las bandas nubosas que se han internado sobre gran parte del territorio nacional, se han registrado lluvias intensas en la zona Huasteca, lo que ha provocado un considerable incremento en el nivel de r\u00edos, cascadas y cuerpos de agua. En atenci\u00f3n a\u2026","rel":"","context":"En \u00abAl Minuto\u00bb","block_context":{"text":"Al Minuto","link":"https:\/\/sanluisalminuto.com\/?cat=5175715"},"img":{"alt_text":"","src":"https:\/\/i0.wp.com\/sanluisalminuto.com\/wp-content\/uploads\/2025\/06\/3327947a-ee25-4fd7-bb76-2ce08606fc90-1.jpg?fit=1200%2C900&ssl=1&resize=350%2C200","width":350,"height":200,"srcset":"https:\/\/i0.wp.com\/sanluisalminuto.com\/wp-content\/uploads\/2025\/06\/3327947a-ee25-4fd7-bb76-2ce08606fc90-1.jpg?fit=1200%2C900&ssl=1&resize=350%2C200 1x, https:\/\/i0.wp.com\/sanluisalminuto.com\/wp-content\/uploads\/2025\/06\/3327947a-ee25-4fd7-bb76-2ce08606fc90-1.jpg?fit=1200%2C900&ssl=1&resize=525%2C300 1.5x, https:\/\/i0.wp.com\/sanluisalminuto.com\/wp-content\/uploads\/2025\/06\/3327947a-ee25-4fd7-bb76-2ce08606fc90-1.jpg?fit=1200%2C900&ssl=1&resize=700%2C400 2x, https:\/\/i0.wp.com\/sanluisalminuto.com\/wp-content\/uploads\/2025\/06\/3327947a-ee25-4fd7-bb76-2ce08606fc90-1.jpg?fit=1200%2C900&ssl=1&resize=1050%2C600 3x"},"classes":[]},{"id":488,"url":"https:\/\/sanluisalminuto.com\/?p=488","url_meta":{"origin":17729,"position":3},"title":"ADVIERTE PC PRON\u00d3STICO DE LLUVIAS FUERTES PARA EL TERRITORIO POTOSINO","author":"sanluisalminuto","date":"5 de julio de 2021","format":false,"excerpt":"\u2022 Iniciar\u00edan la noche de este lunes 5 de julio y podr\u00edan extenderse por dos d\u00edas. Tres diferentes fen\u00f3menos meteorol\u00f3gicos afectan actualmente al territorio mexicano, mismos que ocasionar\u00e1n condiciones de lluvias fuertes para San Luis Potos\u00ed, que iniciar\u00edan por la noche de este lunes 5 de julio y continuar por\u2026","rel":"","context":"En \u00abAl Minuto\u00bb","block_context":{"text":"Al Minuto","link":"https:\/\/sanluisalminuto.com\/?cat=5175715"},"img":{"alt_text":"","src":"https:\/\/i0.wp.com\/sanluisalminuto.com\/wp-content\/uploads\/2021\/07\/img-20210705-wa0005.jpg?fit=542%2C533&ssl=1&resize=350%2C200","width":350,"height":200,"srcset":"https:\/\/i0.wp.com\/sanluisalminuto.com\/wp-content\/uploads\/2021\/07\/img-20210705-wa0005.jpg?fit=542%2C533&ssl=1&resize=350%2C200 1x, https:\/\/i0.wp.com\/sanluisalminuto.com\/wp-content\/uploads\/2021\/07\/img-20210705-wa0005.jpg?fit=542%2C533&ssl=1&resize=525%2C300 1.5x"},"classes":[]},{"id":6333,"url":"https:\/\/sanluisalminuto.com\/?p=6333","url_meta":{"origin":17729,"position":4},"title":"PROTECCI\u00d3N CIVIL ESTATAL EMITE ALERTA AMARILLA POR SEQU\u00cdA SEVERA EN 14 MUNICIPIOS","author":"sanluisalminuto","date":"22 de marzo de 2023","format":false,"excerpt":"\u2022 Hay m\u00e1s riesgo de que en estos municipios, por falta de humedad, se presenten incendios forestales, por lo que la dependencia mantiene vigilancia permanente Ante las condiciones clim\u00e1ticas que se presentan en territorio potosino y por instrucci\u00f3n del Gobernador de San Luis Potos\u00ed, Ricardo Gallardo Cardona, la Coordinaci\u00f3n Estatal\u2026","rel":"","context":"En \u00abAl Minuto\u00bb","block_context":{"text":"Al Minuto","link":"https:\/\/sanluisalminuto.com\/?cat=5175715"},"img":{"alt_text":"","src":"https:\/\/i0.wp.com\/sanluisalminuto.com\/wp-content\/uploads\/2023\/03\/IMG-20230322-WA0001.jpg?fit=1200%2C900&ssl=1&resize=350%2C200","width":350,"height":200,"srcset":"https:\/\/i0.wp.com\/sanluisalminuto.com\/wp-content\/uploads\/2023\/03\/IMG-20230322-WA0001.jpg?fit=1200%2C900&ssl=1&resize=350%2C200 1x, https:\/\/i0.wp.com\/sanluisalminuto.com\/wp-content\/uploads\/2023\/03\/IMG-20230322-WA0001.jpg?fit=1200%2C900&ssl=1&resize=525%2C300 1.5x, https:\/\/i0.wp.com\/sanluisalminuto.com\/wp-content\/uploads\/2023\/03\/IMG-20230322-WA0001.jpg?fit=1200%2C900&ssl=1&resize=700%2C400 2x, https:\/\/i0.wp.com\/sanluisalminuto.com\/wp-content\/uploads\/2023\/03\/IMG-20230322-WA0001.jpg?fit=1200%2C900&ssl=1&resize=1050%2C600 3x"},"classes":[]},{"id":8861,"url":"https:\/\/sanluisalminuto.com\/?p=8861","url_meta":{"origin":17729,"position":5},"title":"GOBIERNO BRINDA APOYO A FAMILIAS DE VILLA DE RAMOS","author":"sanluisalminuto","date":"17 de noviembre de 2023","format":false,"excerpt":"\u2022 Tras las intensas lluvias que se presentaron, el Sistema Estatal para el Desarrollo Integral de la Familia (DIF), realiz\u00f3 durante dos d\u00edas, una jornada de atenci\u00f3n en salud gratuita en apoyo de 800 familias del municipio M\u00e1s de 800 familias de Villa de Ramos fueron beneficiadas con apoyo del\u2026","rel":"","context":"En \u00abAl Minuto\u00bb","block_context":{"text":"Al Minuto","link":"https:\/\/sanluisalminuto.com\/?cat=5175715"},"img":{"alt_text":"","src":"https:\/\/i0.wp.com\/sanluisalminuto.com\/wp-content\/uploads\/2023\/11\/d110a861-a5f3-4a6e-a0ae-57741ef930ca-1.jpg?fit=1167%2C1200&ssl=1&resize=350%2C200","width":350,"height":200,"srcset":"https:\/\/i0.wp.com\/sanluisalminuto.com\/wp-content\/uploads\/2023\/11\/d110a861-a5f3-4a6e-a0ae-57741ef930ca-1.jpg?fit=1167%2C1200&ssl=1&resize=350%2C200 1x, https:\/\/i0.wp.com\/sanluisalminuto.com\/wp-content\/uploads\/2023\/11\/d110a861-a5f3-4a6e-a0ae-57741ef930ca-1.jpg?fit=1167%2C1200&ssl=1&resize=525%2C300 1.5x, https:\/\/i0.wp.com\/sanluisalminuto.com\/wp-content\/uploads\/2023\/11\/d110a861-a5f3-4a6e-a0ae-57741ef930ca-1.jpg?fit=1167%2C1200&ssl=1&resize=700%2C400 2x, https:\/\/i0.wp.com\/sanluisalminuto.com\/wp-content\/uploads\/2023\/11\/d110a861-a5f3-4a6e-a0ae-57741ef930ca-1.jpg?fit=1167%2C1200&ssl=1&resize=1050%2C600 3x"},"classes":[]}],"_links":{"self":[{"href":"https:\/\/sanluisalminuto.com\/index.php?rest_route=\/wp\/v2\/posts\/17729","targetHints":{"allow":["GET"]}}],"collection":[{"href":"https:\/\/sanluisalminuto.com\/index.php?rest_route=\/wp\/v2\/posts"}],"about":[{"href":"https:\/\/sanluisalminuto.com\/index.php?rest_route=\/wp\/v2\/types\/post"}],"author":[{"embeddable":true,"href":"https:\/\/sanluisalminuto.com\/index.php?rest_route=\/wp\/v2\/users\/206911971"}],"replies":[{"embeddable":true,"href":"https:\/\/sanluisalminuto.com\/index.php?rest_route=%2Fwp%2Fv2%2Fcomments&post=17729"}],"version-history":[{"count":0,"href":"https:\/\/sanluisalminuto.com\/index.php?rest_route=\/wp\/v2\/posts\/17729\/revisions"}],"wp:featuredmedia":[{"embeddable":true,"href":"https:\/\/sanluisalminuto.com\/index.php?rest_route=\/wp\/v2\/media\/17728"}],"wp:attachment":[{"href":"https:\/\/sanluisalminuto.com\/index.php?rest_route=%2Fwp%2Fv2%2Fmedia&parent=17729"}],"wp:term":[{"taxonomy":"category","embeddable":true,"href":"https:\/\/sanluisalminuto.com\/index.php?rest_route=%2Fwp%2Fv2%2Fcategories&post=17729"},{"taxonomy":"post_tag","embeddable":true,"href":"https:\/\/sanluisalminuto.com\/index.php?rest_route=%2Fwp%2Fv2%2Ftags&post=17729"}],"curies":[{"name":"wp","href":"https:\/\/api.w.org\/{rel}","templated":true}]}}