{"id":13262,"date":"2025-03-24T10:59:00","date_gmt":"2025-03-24T16:59:00","guid":{"rendered":"https:\/\/sanluisalminuto.com\/?p=13262"},"modified":"2025-03-24T10:59:00","modified_gmt":"2025-03-24T16:59:00","slug":"combate-a-objetivos-criminales-y-reduccion-de-indices-delictivos-objetivos-del-estado-y-la-federacion","status":"publish","type":"post","link":"https:\/\/sanluisalminuto.com\/?p=13262","title":{"rendered":"COMBATE A OBJETIVOS CRIMINALES Y REDUCCI\u00d3N DE \u00cdNDICES DELICTIVOS, OBJETIVOS DEL ESTADO Y LA FEDERACI\u00d3N"},"content":{"rendered":"\n<p><\/p>\n\n\n\n<p>-Secretar\u00eda de Seguridad en el Estado, fortalece la relaci\u00f3n con autoridades federales para el intercambio de informaci\u00f3n, inteligencia y coordinaci\u00f3n operativa.<\/p>\n\n\n\n<p>S.L.P.- Autoridades de seguridad p\u00fablica de San Luis Potos\u00ed, fortalecen la coordinaci\u00f3n con la Secretar\u00eda de Seguridad y Protecci\u00f3n Ciudadana de M\u00e9xico, para continuar el combate a la delincuencia y seguir con la reducci\u00f3n de \u00edndices delictivos.<\/p>\n\n\n\n<p>El titular de la Guardia Civil Estatal, Jes\u00fas Ju\u00e1rez Hern\u00e1ndez, destac\u00f3 que, en la reuni\u00f3n convocada por el Gobernador Ricardo Gallardo Cardona con la Secretar\u00eda de Seguridad y Protecci\u00f3n Ciudadana de M\u00e9xico, se estableci\u00f3 una mesa de trabajo para seguir con el trabajo estrecho de coordinaci\u00f3n con las autoridades federales.<\/p>\n\n\n\n<p>Precis\u00f3 que el objetivo com\u00fan es el de combatir delitos y seguir a la baja los \u00edndices delictivos, con el trabajo conjunto y con base en el combate directo a la delincuencia, coadyuvando con tareas de an\u00e1lisis y el despliegue operativo de la Guardia Civil Estatal.<\/p>\n\n\n\n<p>En la reuni\u00f3n de trabajo con el titular de la Secretar\u00eda de Seguridad y Protecci\u00f3n Ciudadana de M\u00e9xico, Omar Garc\u00eda Harfuch, el funcionario federal reconoci\u00f3 el trabajo duro que se hace en el estado de San Luis Potos\u00ed, ya que continuamente, la entidad se convierte en una de las m\u00e1s seguras de pa\u00eds, con indicadores a la baja y con evidente trabajo en la desarticulaci\u00f3n de c\u00e9lulas criminales, aseguramientos importantes y detenciones relevantes.<\/p>\n\n\n\n<p>Respecto al fortalecimiento del trabajo que realiza la Guardia Civil Estatal en la entidad, Ju\u00e1rez Hern\u00e1ndez asever\u00f3 que se han desintegrado c\u00e9lulas de delincuentes for\u00e1neos, adem\u00e1s de que no se baja los brazos en el combate a criminales que aprovechan los l\u00edmites estatales para operar y se trabaja para alcanzar objetivos claros e identificables en torno a los cuatro ejes rectores de la Estrategia Nacional de Seguridad.<\/p>\n","protected":false},"excerpt":{"rendered":"<p>-Secretar\u00eda de Seguridad en el Estado, fortalece la relaci\u00f3n con autoridades federales para el intercambio<\/p>\n","protected":false},"author":206911971,"featured_media":13261,"comment_status":"open","ping_status":"open","sticky":false,"template":"","format":"standard","meta":{"advanced_seo_description":"","jetpack_seo_html_title":"","jetpack_seo_noindex":false,"_jetpack_newsletter_access":"","_jetpack_dont_email_post_to_subs":false,"_jetpack_newsletter_tier_id":0,"_jetpack_memberships_contains_paywalled_content":false,"_jetpack_memberships_contains_paid_content":false,"footnotes":"","jetpack_publicize_message":"","jetpack_publicize_feature_enabled":true,"jetpack_social_post_already_shared":true,"jetpack_social_options":{"image_generator_settings":{"template":"highway","default_image_id":0,"font":"","enabled":false},"version":2},"jetpack_post_was_ever_published":false},"categories":[5175715,49001,9229],"tags":[799],"class_list":["post-13262","post","type-post","status-publish","format-standard","has-post-thumbnail","hentry","category-al-minuto","category-locales","category-seguridad","tag-principal"],"jetpack_publicize_connections":[],"jetpack_featured_media_url":"https:\/\/i0.wp.com\/sanluisalminuto.com\/wp-content\/uploads\/2025\/03\/d7792950-1718-43be-a481-bdfbaded5a71-1.jpg?fit=1111%2C1357&ssl=1","jetpack_likes_enabled":false,"jetpack_sharing_enabled":true,"jetpack_shortlink":"https:\/\/wp.me\/pd6CVZ-3rU","jetpack-related-posts":[{"id":13217,"url":"https:\/\/sanluisalminuto.com\/?p=13217","url_meta":{"origin":13262,"position":0},"title":"RICARDO GALLARDO Y GARC\u00cdA HARFUCH CIERRAN FILAS POR LA SEGURIDAD DE SLP","author":"sanluisalminuto","date":"18 de marzo de 2025","format":false,"excerpt":"\u2022 El secretario de Seguridad de M\u00e9xico reconoci\u00f3 al Gobierno Estatal por su efectiva estrategia integral que ha reducido la incidencia delictiva Con el objetivo de continuar fortaleciendo la seguridad y en apoyo a las familias para que vivan en paz y tranquilidad, el Gobernador del Estado, Ricardo Gallardo Cardona,\u2026","rel":"","context":"En \u00abAl Minuto\u00bb","block_context":{"text":"Al Minuto","link":"https:\/\/sanluisalminuto.com\/?cat=5175715"},"img":{"alt_text":"","src":"https:\/\/i0.wp.com\/sanluisalminuto.com\/wp-content\/uploads\/2025\/03\/274dd5d3-50f6-42a9-8b60-0a6c632370f1-1.jpg?fit=1200%2C938&ssl=1&resize=350%2C200","width":350,"height":200,"srcset":"https:\/\/i0.wp.com\/sanluisalminuto.com\/wp-content\/uploads\/2025\/03\/274dd5d3-50f6-42a9-8b60-0a6c632370f1-1.jpg?fit=1200%2C938&ssl=1&resize=350%2C200 1x, https:\/\/i0.wp.com\/sanluisalminuto.com\/wp-content\/uploads\/2025\/03\/274dd5d3-50f6-42a9-8b60-0a6c632370f1-1.jpg?fit=1200%2C938&ssl=1&resize=525%2C300 1.5x, https:\/\/i0.wp.com\/sanluisalminuto.com\/wp-content\/uploads\/2025\/03\/274dd5d3-50f6-42a9-8b60-0a6c632370f1-1.jpg?fit=1200%2C938&ssl=1&resize=700%2C400 2x, https:\/\/i0.wp.com\/sanluisalminuto.com\/wp-content\/uploads\/2025\/03\/274dd5d3-50f6-42a9-8b60-0a6c632370f1-1.jpg?fit=1200%2C938&ssl=1&resize=1050%2C600 3x"},"classes":[]},{"id":1975,"url":"https:\/\/sanluisalminuto.com\/?p=1975","url_meta":{"origin":13262,"position":1},"title":"GOBIERNOS ESTATAL Y FEDERAL GARANTIZAN SEGURIDAD EN RETORNO DE PAISANOS A SLP","author":"sanluisalminuto","date":"20 de diciembre de 2021","format":false,"excerpt":"\u2022Acuerdan secretario de Gobierno y Secretar\u00eda de Seguridad Federal fortalecer las acciones de protecci\u00f3n y respeto a las garant\u00edas de los connacionales.\u2022J. Guadalupe Torres y Rosa Icela Rodr\u00edguez conciertan estrategia de seguridad p\u00fablica para reducir los \u00edndices delictivos en la Entidad. El secretario General de Gobierno J. Guadalupe Torres S\u00e1nchez\u2026","rel":"","context":"En \u00abAl Minuto\u00bb","block_context":{"text":"Al Minuto","link":"https:\/\/sanluisalminuto.com\/?cat=5175715"},"img":{"alt_text":"","src":"https:\/\/i0.wp.com\/sanluisalminuto.com\/wp-content\/uploads\/2021\/12\/img-20211220-wa0001.jpg?fit=514%2C747&ssl=1&resize=350%2C200","width":350,"height":200},"classes":[]},{"id":11580,"url":"https:\/\/sanluisalminuto.com\/?p=11580","url_meta":{"origin":13262,"position":2},"title":"El titular de la Guardia Civil Estatal, Jes\u00fas Ju\u00e1rez Hern\u00e1ndez, indic\u00f3 que la Secretar\u00eda de Seguridad y la corporaci\u00f3n a su cargo, sostendr\u00e1n reuniones de coordinaci\u00f3n, con el Secretario de Seguridad Federal, Omar Garc\u00eda Harfuch.","author":"sanluisalminuto","date":"24 de octubre de 2024","format":false,"excerpt":"SECRETAR\u00cdA DE SEGURIDAD ESTATAL ALISTA REUNI\u00d3N DE COORDINACI\u00d3N CON AUTORIDADES FEDERALES - San Luis Potos\u00ed, S.L.P.- La coordinaci\u00f3n estrecha entre el gobierno federal y estatal, continuar\u00e1 reforz\u00e1ndose, como parte de las estrategias conjuntas en materia de seguridad, mediante un primer acercamiento con el Secretario de Seguridad Federal, Omar Garc\u00eda Harfuch,\u2026","rel":"","context":"En \u00abAl Minuto\u00bb","block_context":{"text":"Al Minuto","link":"https:\/\/sanluisalminuto.com\/?cat=5175715"},"img":{"alt_text":"","src":"https:\/\/i0.wp.com\/sanluisalminuto.com\/wp-content\/uploads\/2024\/10\/363dd74f-350a-4705-9ef6-cd0b9a35a1c1-1.jpg?fit=1200%2C906&ssl=1&resize=350%2C200","width":350,"height":200,"srcset":"https:\/\/i0.wp.com\/sanluisalminuto.com\/wp-content\/uploads\/2024\/10\/363dd74f-350a-4705-9ef6-cd0b9a35a1c1-1.jpg?fit=1200%2C906&ssl=1&resize=350%2C200 1x, https:\/\/i0.wp.com\/sanluisalminuto.com\/wp-content\/uploads\/2024\/10\/363dd74f-350a-4705-9ef6-cd0b9a35a1c1-1.jpg?fit=1200%2C906&ssl=1&resize=525%2C300 1.5x, https:\/\/i0.wp.com\/sanluisalminuto.com\/wp-content\/uploads\/2024\/10\/363dd74f-350a-4705-9ef6-cd0b9a35a1c1-1.jpg?fit=1200%2C906&ssl=1&resize=700%2C400 2x, https:\/\/i0.wp.com\/sanluisalminuto.com\/wp-content\/uploads\/2024\/10\/363dd74f-350a-4705-9ef6-cd0b9a35a1c1-1.jpg?fit=1200%2C906&ssl=1&resize=1050%2C600 3x"},"classes":[]},{"id":12344,"url":"https:\/\/sanluisalminuto.com\/?p=12344","url_meta":{"origin":13262,"position":3},"title":"A TRAV\u00c9S DE ESTRATEGIAS EFICACES, LA SEGURIDAD P\u00daBLICA EN SAN LUIS POTOS\u00cd SE FORTALECE DIARIAMENTE","author":"sanluisalminuto","date":"25 de diciembre de 2024","format":false,"excerpt":"-Retos y compromisos en materia de seguridad p\u00fablica se cumplir\u00e1n este 2025 en beneficio de las y los potosinos. San Luis Potos\u00ed, S.L.P.- La Secretar\u00eda de Seguridad y Protecci\u00f3n Ciudadana del Estado, fortalece las estrategias de prevenci\u00f3n y vigilancia para seguir haciendo de San Luis Potos\u00ed una entidad m\u00e1s segura.\u2026","rel":"","context":"En \u00abAl Minuto\u00bb","block_context":{"text":"Al Minuto","link":"https:\/\/sanluisalminuto.com\/?cat=5175715"},"img":{"alt_text":"","src":"https:\/\/i0.wp.com\/sanluisalminuto.com\/wp-content\/uploads\/2024\/12\/ad528399-5c89-444e-8241-61573d324d33-1.jpg?fit=1200%2C800&ssl=1&resize=350%2C200","width":350,"height":200,"srcset":"https:\/\/i0.wp.com\/sanluisalminuto.com\/wp-content\/uploads\/2024\/12\/ad528399-5c89-444e-8241-61573d324d33-1.jpg?fit=1200%2C800&ssl=1&resize=350%2C200 1x, https:\/\/i0.wp.com\/sanluisalminuto.com\/wp-content\/uploads\/2024\/12\/ad528399-5c89-444e-8241-61573d324d33-1.jpg?fit=1200%2C800&ssl=1&resize=525%2C300 1.5x, https:\/\/i0.wp.com\/sanluisalminuto.com\/wp-content\/uploads\/2024\/12\/ad528399-5c89-444e-8241-61573d324d33-1.jpg?fit=1200%2C800&ssl=1&resize=700%2C400 2x, https:\/\/i0.wp.com\/sanluisalminuto.com\/wp-content\/uploads\/2024\/12\/ad528399-5c89-444e-8241-61573d324d33-1.jpg?fit=1200%2C800&ssl=1&resize=1050%2C600 3x"},"classes":[]},{"id":7927,"url":"https:\/\/sanluisalminuto.com\/?p=7927","url_meta":{"origin":13262,"position":4},"title":"GALLARDO ENCABEZA XXVIII ASAMBLEA PLENARIA NACIONAL DE SECRETARIOS DE SEGURIDAD","author":"sanluisalminuto","date":"19 de julio de 2023","format":false,"excerpt":"\u2022 El Gobernador potosino destac\u00f3 los resultados positivos en el combate a la delincuencia que se registran en San Luis Potos\u00ed, gracias al trabajo coordinado entre los diferentes niveles de Gobierno El Gobernador de San Luis Potos\u00ed Ricardo Gallardo Cardona, encabez\u00f3 este mi\u00e9rcoles la XXVIII Asamblea Plenaria Nacional de Secretarios\u2026","rel":"","context":"En \u00abAl Minuto\u00bb","block_context":{"text":"Al Minuto","link":"https:\/\/sanluisalminuto.com\/?cat=5175715"},"img":{"alt_text":"","src":"https:\/\/i0.wp.com\/sanluisalminuto.com\/wp-content\/uploads\/2023\/07\/IMG-20230719-WA0030-1.jpg?fit=1200%2C800&ssl=1&resize=350%2C200","width":350,"height":200,"srcset":"https:\/\/i0.wp.com\/sanluisalminuto.com\/wp-content\/uploads\/2023\/07\/IMG-20230719-WA0030-1.jpg?fit=1200%2C800&ssl=1&resize=350%2C200 1x, https:\/\/i0.wp.com\/sanluisalminuto.com\/wp-content\/uploads\/2023\/07\/IMG-20230719-WA0030-1.jpg?fit=1200%2C800&ssl=1&resize=525%2C300 1.5x, https:\/\/i0.wp.com\/sanluisalminuto.com\/wp-content\/uploads\/2023\/07\/IMG-20230719-WA0030-1.jpg?fit=1200%2C800&ssl=1&resize=700%2C400 2x, https:\/\/i0.wp.com\/sanluisalminuto.com\/wp-content\/uploads\/2023\/07\/IMG-20230719-WA0030-1.jpg?fit=1200%2C800&ssl=1&resize=1050%2C600 3x"},"classes":[]},{"id":13552,"url":"https:\/\/sanluisalminuto.com\/?p=13552","url_meta":{"origin":13262,"position":5},"title":"SSPCE EN COORDINACI\u00d3N Y OPERATIVIDAD CON LA GUARDIA NACIONAL: JES\u00daS JU\u00c1REZ HERN\u00c1NDEZ","author":"sanluisalminuto","date":"19 de abril de 2025","format":false,"excerpt":"La Secretar\u00eda de Seguridad y Protecci\u00f3n Ciudadana del Estado (SSPCE), prioriza sus acciones operativas y fortalece las acciones de seguridad y vigilancia, en dos de los ejes troncales carreteros m\u00e1s importantes del pa\u00eds, el primero de ellos, la carretera 57 en la entrada de Santa Mar\u00eda del Rio y Tierra\u2026","rel":"","context":"En \u00abAl Minuto\u00bb","block_context":{"text":"Al Minuto","link":"https:\/\/sanluisalminuto.com\/?cat=5175715"},"img":{"alt_text":"","src":"https:\/\/i0.wp.com\/sanluisalminuto.com\/wp-content\/uploads\/2025\/04\/09b44b6a-56ab-450f-aacd-9407fbc7d057-1.jpg?fit=1200%2C885&ssl=1&resize=350%2C200","width":350,"height":200,"srcset":"https:\/\/i0.wp.com\/sanluisalminuto.com\/wp-content\/uploads\/2025\/04\/09b44b6a-56ab-450f-aacd-9407fbc7d057-1.jpg?fit=1200%2C885&ssl=1&resize=350%2C200 1x, https:\/\/i0.wp.com\/sanluisalminuto.com\/wp-content\/uploads\/2025\/04\/09b44b6a-56ab-450f-aacd-9407fbc7d057-1.jpg?fit=1200%2C885&ssl=1&resize=525%2C300 1.5x, https:\/\/i0.wp.com\/sanluisalminuto.com\/wp-content\/uploads\/2025\/04\/09b44b6a-56ab-450f-aacd-9407fbc7d057-1.jpg?fit=1200%2C885&ssl=1&resize=700%2C400 2x, https:\/\/i0.wp.com\/sanluisalminuto.com\/wp-content\/uploads\/2025\/04\/09b44b6a-56ab-450f-aacd-9407fbc7d057-1.jpg?fit=1200%2C885&ssl=1&resize=1050%2C600 3x"},"classes":[]}],"_links":{"self":[{"href":"https:\/\/sanluisalminuto.com\/index.php?rest_route=\/wp\/v2\/posts\/13262","targetHints":{"allow":["GET"]}}],"collection":[{"href":"https:\/\/sanluisalminuto.com\/index.php?rest_route=\/wp\/v2\/posts"}],"about":[{"href":"https:\/\/sanluisalminuto.com\/index.php?rest_route=\/wp\/v2\/types\/post"}],"author":[{"embeddable":true,"href":"https:\/\/sanluisalminuto.com\/index.php?rest_route=\/wp\/v2\/users\/206911971"}],"replies":[{"embeddable":true,"href":"https:\/\/sanluisalminuto.com\/index.php?rest_route=%2Fwp%2Fv2%2Fcomments&post=13262"}],"version-history":[{"count":1,"href":"https:\/\/sanluisalminuto.com\/index.php?rest_route=\/wp\/v2\/posts\/13262\/revisions"}],"predecessor-version":[{"id":13264,"href":"https:\/\/sanluisalminuto.com\/index.php?rest_route=\/wp\/v2\/posts\/13262\/revisions\/13264"}],"wp:featuredmedia":[{"embeddable":true,"href":"https:\/\/sanluisalminuto.com\/index.php?rest_route=\/wp\/v2\/media\/13261"}],"wp:attachment":[{"href":"https:\/\/sanluisalminuto.com\/index.php?rest_route=%2Fwp%2Fv2%2Fmedia&parent=13262"}],"wp:term":[{"taxonomy":"category","embeddable":true,"href":"https:\/\/sanluisalminuto.com\/index.php?rest_route=%2Fwp%2Fv2%2Fcategories&post=13262"},{"taxonomy":"post_tag","embeddable":true,"href":"https:\/\/sanluisalminuto.com\/index.php?rest_route=%2Fwp%2Fv2%2Ftags&post=13262"}],"curies":[{"name":"wp","href":"https:\/\/api.w.org\/{rel}","templated":true}]}}