{"id":10361,"date":"2024-05-25T21:23:36","date_gmt":"2024-05-26T03:23:36","guid":{"rendered":"https:\/\/sanluisalminuto.com\/?p=10361"},"modified":"2024-05-25T21:23:36","modified_gmt":"2024-05-26T03:23:36","slug":"david-medina-se-perfila-como-el-ganador-de-la-alcaldia-de-ciudad-valles","status":"publish","type":"post","link":"https:\/\/sanluisalminuto.com\/?p=10361","title":{"rendered":"DAVID MEDINA SE PERFILA COMO EL GANADOR DE LA ALCALD\u00cdA DE CIUDAD VALLES"},"content":{"rendered":"\n<ul class=\"wp-block-list\">\n<li>Alcanza el 52% de tendencia del voto en encuesta de De las Heras<br>-Supera casi al doble a Jos\u00e9 Luis Romero Calzada<\/li>\n<\/ul>\n\n\n\n<p>En la elecci\u00f3n de la alcald\u00eda de Ciudad Valles se perfila como triunfador David Armando Medina Salazar, candidato de la coalici\u00f3n del PVEM, Morena y PT, con el 52 por ciento de la tendencia del voto, de acuerdo con una encuesta realizada por De las Heras Demotecnia.<br \/>Medina, quien busca la reelecci\u00f3n en el cargo, supera casi al doble a Jos\u00e9 Luis Romero Calzada, candidato del PAN, PRI y PRD, al obtener el 30 por ciento; luego le sigue R\u00f3mulo Garza, de Movimiento Ciudadano, con el 6 por ciento; el candidato del Partido Encuentro Solidario, Juan Jos\u00e9 Ortiz Azuara con el 4 por ciento.<br \/>Est\u00e1n empatados con un 3 por ciento, Faustino Cedillo, de Conciencia Popular y Elia Rodr\u00edguez Lucero, candidata independiente; y Guadalupe Arteaga, de Nueva Alianza, con el dos por ciento.<br \/>La encuesta confirma los resultados de otras realizadas por diversas empresas nacionales, Medina arranc\u00f3 como favorito y ha sostenido la tendencia del voto, increment\u00e1ndose en el \u00faltimo tramo de las campa\u00f1as.<\/p>\n","protected":false},"excerpt":{"rendered":"<p>En la elecci\u00f3n de la alcald\u00eda de Ciudad Valles se perfila como triunfador David Armando<\/p>\n","protected":false},"author":206911972,"featured_media":10360,"comment_status":"open","ping_status":"open","sticky":false,"template":"","format":"standard","meta":{"advanced_seo_description":"","jetpack_seo_html_title":"","jetpack_seo_noindex":false,"_jetpack_newsletter_access":"","_jetpack_dont_email_post_to_subs":false,"_jetpack_newsletter_tier_id":0,"_jetpack_memberships_contains_paywalled_content":false,"_jetpack_memberships_contains_paid_content":false,"footnotes":"","jetpack_publicize_message":"","jetpack_publicize_feature_enabled":true,"jetpack_social_post_already_shared":true,"jetpack_social_options":{"image_generator_settings":{"template":"highway","default_image_id":0,"font":"","enabled":false},"version":2},"jetpack_post_was_ever_published":false},"categories":[798],"tags":[],"class_list":["post-10361","post","type-post","status-publish","format-standard","has-post-thumbnail","hentry","category-politica"],"jetpack_publicize_connections":[],"jetpack_featured_media_url":"https:\/\/i0.wp.com\/sanluisalminuto.com\/wp-content\/uploads\/2024\/05\/IMG-20240525-WA0067.jpg?fit=1600%2C900&ssl=1","jetpack_likes_enabled":false,"jetpack_sharing_enabled":true,"jetpack_shortlink":"https:\/\/wp.me\/pd6CVZ-2H7","jetpack-related-posts":[{"id":14526,"url":"https:\/\/sanluisalminuto.com\/?p=14526","url_meta":{"origin":10361,"position":0},"title":"Yolanda Cepeda no se  descarta para ser candidata en 2027","author":"sanluisalminuto","date":"7 de agosto de 2025","format":false,"excerpt":"\"No son los tiempos, pero yo estar\u00e9 donde mi gobernador me diga que me necesita\", as\u00ed lo afirm\u00f3 la secretaria de turismo, Yolanda Josefina Cepeda Echavarr\u00eda, cuestionada sobre si le gustar\u00eda ser candidata a la presidencia municipal de Ciudad Valles. \"No son los tiempos, s\u00ed me gustar\u00eda pero yo estoy\u2026","rel":"","context":"En \u00abAl Minuto\u00bb","block_context":{"text":"Al Minuto","link":"https:\/\/sanluisalminuto.com\/?cat=5175715"},"img":{"alt_text":"","src":"https:\/\/i0.wp.com\/sanluisalminuto.com\/wp-content\/uploads\/2025\/08\/270e9ac0-3a60-442c-abec-1f8d332a924b.jpg?fit=1200%2C676&ssl=1&resize=350%2C200","width":350,"height":200,"srcset":"https:\/\/i0.wp.com\/sanluisalminuto.com\/wp-content\/uploads\/2025\/08\/270e9ac0-3a60-442c-abec-1f8d332a924b.jpg?fit=1200%2C676&ssl=1&resize=350%2C200 1x, https:\/\/i0.wp.com\/sanluisalminuto.com\/wp-content\/uploads\/2025\/08\/270e9ac0-3a60-442c-abec-1f8d332a924b.jpg?fit=1200%2C676&ssl=1&resize=525%2C300 1.5x, https:\/\/i0.wp.com\/sanluisalminuto.com\/wp-content\/uploads\/2025\/08\/270e9ac0-3a60-442c-abec-1f8d332a924b.jpg?fit=1200%2C676&ssl=1&resize=700%2C400 2x, https:\/\/i0.wp.com\/sanluisalminuto.com\/wp-content\/uploads\/2025\/08\/270e9ac0-3a60-442c-abec-1f8d332a924b.jpg?fit=1200%2C676&ssl=1&resize=1050%2C600 3x"},"classes":[]},{"id":10155,"url":"https:\/\/sanluisalminuto.com\/?p=10155","url_meta":{"origin":10361,"position":1},"title":"DAVID MEDINA LLEGA HASTA LA COLONIA HIDALGO","author":"Redacci\u00f3n","date":"5 de mayo de 2024","format":false,"excerpt":"El candidato a la Presidencia Municipal de los partidos Verde, del Trabajo y Morena, David Armando Medina Salazar, contin\u00faa teniendo contacto directo con la ciudadan\u00eda, en aras de seguir fortaleciendo la cercan\u00eda con los habitantes de la entidad. Acompa\u00f1ado por su esposa, la se\u00f1ora Ena Avenda\u00f1o Uscanga, el candidato Medina\u2026","rel":"","context":"En \u00abPol\u00edtica\u00bb","block_context":{"text":"Pol\u00edtica","link":"https:\/\/sanluisalminuto.com\/?cat=798"},"img":{"alt_text":"","src":"https:\/\/i0.wp.com\/sanluisalminuto.com\/wp-content\/uploads\/2024\/05\/IMG-20240505-WA0060.jpg?fit=1200%2C1168&ssl=1&resize=350%2C200","width":350,"height":200,"srcset":"https:\/\/i0.wp.com\/sanluisalminuto.com\/wp-content\/uploads\/2024\/05\/IMG-20240505-WA0060.jpg?fit=1200%2C1168&ssl=1&resize=350%2C200 1x, https:\/\/i0.wp.com\/sanluisalminuto.com\/wp-content\/uploads\/2024\/05\/IMG-20240505-WA0060.jpg?fit=1200%2C1168&ssl=1&resize=525%2C300 1.5x, https:\/\/i0.wp.com\/sanluisalminuto.com\/wp-content\/uploads\/2024\/05\/IMG-20240505-WA0060.jpg?fit=1200%2C1168&ssl=1&resize=700%2C400 2x, https:\/\/i0.wp.com\/sanluisalminuto.com\/wp-content\/uploads\/2024\/05\/IMG-20240505-WA0060.jpg?fit=1200%2C1168&ssl=1&resize=1050%2C600 3x"},"classes":[]},{"id":10142,"url":"https:\/\/sanluisalminuto.com\/?p=10142","url_meta":{"origin":10361,"position":2},"title":"APOYO TOTAL PARA LAS FAMILIAS DE VALLES: DAVID MEDINA","author":"sanluisalminuto","date":"3 de mayo de 2024","format":false,"excerpt":"En un d\u00eda de importante actividad, el candidato a la presidencia municipal por la coalici\u00f3n \"Sigamos Haciendo Historia en San Luis Potos\u00ed\", David Armando Medina Salazar, y la candidata al Senado por el Partido Verde, Ruth Miriam Gonz\u00e1lez Silva, recibieron un gran respaldo de la comunidad en dos eventos significativos\u2026","rel":"","context":"En \u00abPol\u00edtica\u00bb","block_context":{"text":"Pol\u00edtica","link":"https:\/\/sanluisalminuto.com\/?cat=798"},"img":{"alt_text":"","src":"https:\/\/i0.wp.com\/sanluisalminuto.com\/wp-content\/uploads\/2024\/05\/IMG-20240503-WA0020.jpg?fit=960%2C991&ssl=1&resize=350%2C200","width":350,"height":200,"srcset":"https:\/\/i0.wp.com\/sanluisalminuto.com\/wp-content\/uploads\/2024\/05\/IMG-20240503-WA0020.jpg?fit=960%2C991&ssl=1&resize=350%2C200 1x, https:\/\/i0.wp.com\/sanluisalminuto.com\/wp-content\/uploads\/2024\/05\/IMG-20240503-WA0020.jpg?fit=960%2C991&ssl=1&resize=525%2C300 1.5x, https:\/\/i0.wp.com\/sanluisalminuto.com\/wp-content\/uploads\/2024\/05\/IMG-20240503-WA0020.jpg?fit=960%2C991&ssl=1&resize=700%2C400 2x"},"classes":[]},{"id":10458,"url":"https:\/\/sanluisalminuto.com\/?p=10458","url_meta":{"origin":10361,"position":3},"title":"DAVID MEDINA ES REELECTO PRESIDENTE MUNICIPAL","author":"Redacci\u00f3n","date":"6 de junio de 2024","format":false,"excerpt":"Acompa\u00f1ado de un gran n\u00famero de personas que respaldan su proyecto, el candidato a la presidencia municipal de la coalici\u00f3n Sigamos Haciendo Historia en San Luis Potos\u00ed, David Armando Medina Salazar, recibi\u00f3 su constancia de mayor\u00eda en el Comit\u00e9 Estatal Electoral de Participaci\u00f3n Ciudadana que lo acredita oficialmente como Presidente\u2026","rel":"","context":"En \u00abPol\u00edtica\u00bb","block_context":{"text":"Pol\u00edtica","link":"https:\/\/sanluisalminuto.com\/?cat=798"},"img":{"alt_text":"","src":"https:\/\/i0.wp.com\/sanluisalminuto.com\/wp-content\/uploads\/2024\/06\/IMG-20240606-WA0000.jpg?fit=1200%2C800&ssl=1&resize=350%2C200","width":350,"height":200,"srcset":"https:\/\/i0.wp.com\/sanluisalminuto.com\/wp-content\/uploads\/2024\/06\/IMG-20240606-WA0000.jpg?fit=1200%2C800&ssl=1&resize=350%2C200 1x, https:\/\/i0.wp.com\/sanluisalminuto.com\/wp-content\/uploads\/2024\/06\/IMG-20240606-WA0000.jpg?fit=1200%2C800&ssl=1&resize=525%2C300 1.5x, https:\/\/i0.wp.com\/sanluisalminuto.com\/wp-content\/uploads\/2024\/06\/IMG-20240606-WA0000.jpg?fit=1200%2C800&ssl=1&resize=700%2C400 2x, https:\/\/i0.wp.com\/sanluisalminuto.com\/wp-content\/uploads\/2024\/06\/IMG-20240606-WA0000.jpg?fit=1200%2C800&ssl=1&resize=1050%2C600 3x"},"classes":[]},{"id":10151,"url":"https:\/\/sanluisalminuto.com\/?p=10151","url_meta":{"origin":10361,"position":4},"title":"REAFIRMA DAVID MEDINA COMPROMISOS CON LA COLONIA DE RASC\u00d3N","author":"Redacci\u00f3n","date":"4 de mayo de 2024","format":false,"excerpt":"Cerrando los primeros quince d\u00edas de actividades desde el arranque de campa\u00f1a, el candidato a la presidencia municipal por los partidos Verde, del Trabajo y Morena, David Armando Medina Salazar, acompa\u00f1ado por su esposa, la se\u00f1ora Ena Avenda\u00f1o Uscanga, reafirm\u00f3 su compromiso con el desarrollo y bienestar de las y\u2026","rel":"","context":"En \u00abPol\u00edtica\u00bb","block_context":{"text":"Pol\u00edtica","link":"https:\/\/sanluisalminuto.com\/?cat=798"},"img":{"alt_text":"","src":"https:\/\/i0.wp.com\/sanluisalminuto.com\/wp-content\/uploads\/2024\/05\/image_editor_output_image1307846542-1714879965262.jpg?fit=823%2C462&ssl=1&resize=350%2C200","width":350,"height":200,"srcset":"https:\/\/i0.wp.com\/sanluisalminuto.com\/wp-content\/uploads\/2024\/05\/image_editor_output_image1307846542-1714879965262.jpg?fit=823%2C462&ssl=1&resize=350%2C200 1x, https:\/\/i0.wp.com\/sanluisalminuto.com\/wp-content\/uploads\/2024\/05\/image_editor_output_image1307846542-1714879965262.jpg?fit=823%2C462&ssl=1&resize=525%2C300 1.5x, https:\/\/i0.wp.com\/sanluisalminuto.com\/wp-content\/uploads\/2024\/05\/image_editor_output_image1307846542-1714879965262.jpg?fit=823%2C462&ssl=1&resize=700%2C400 2x"},"classes":[]},{"id":9218,"url":"https:\/\/sanluisalminuto.com\/?p=9218","url_meta":{"origin":10361,"position":5},"title":"MILITANTES PIDEN QUE EL CANDIDATO A LA ALCALD\u00cdA SEA DEL PAN","author":"sanluisalminuto","date":"10 de enero de 2024","format":false,"excerpt":"Un intenso debate en la Sesi\u00f3n Ordinaria del Consejo Estatal del PAN, panistas se pronunciaron a favor de que un candidato de casa sea el que abandere el proyecto a la Capital potosina. Consejeras y consejeras se pronunciaron a favor que Acci\u00f3n Nacional sea qui\u00e9n sigle en el convenio de\u2026","rel":"","context":"En \u00abPol\u00edtica\u00bb","block_context":{"text":"Pol\u00edtica","link":"https:\/\/sanluisalminuto.com\/?cat=798"},"img":{"alt_text":"","src":"https:\/\/i0.wp.com\/sanluisalminuto.com\/wp-content\/uploads\/2024\/01\/VideoCapture_20240110-092135.jpg?fit=1200%2C675&ssl=1&resize=350%2C200","width":350,"height":200,"srcset":"https:\/\/i0.wp.com\/sanluisalminuto.com\/wp-content\/uploads\/2024\/01\/VideoCapture_20240110-092135.jpg?fit=1200%2C675&ssl=1&resize=350%2C200 1x, https:\/\/i0.wp.com\/sanluisalminuto.com\/wp-content\/uploads\/2024\/01\/VideoCapture_20240110-092135.jpg?fit=1200%2C675&ssl=1&resize=525%2C300 1.5x, https:\/\/i0.wp.com\/sanluisalminuto.com\/wp-content\/uploads\/2024\/01\/VideoCapture_20240110-092135.jpg?fit=1200%2C675&ssl=1&resize=700%2C400 2x, https:\/\/i0.wp.com\/sanluisalminuto.com\/wp-content\/uploads\/2024\/01\/VideoCapture_20240110-092135.jpg?fit=1200%2C675&ssl=1&resize=1050%2C600 3x"},"classes":[]}],"_links":{"self":[{"href":"https:\/\/sanluisalminuto.com\/index.php?rest_route=\/wp\/v2\/posts\/10361","targetHints":{"allow":["GET"]}}],"collection":[{"href":"https:\/\/sanluisalminuto.com\/index.php?rest_route=\/wp\/v2\/posts"}],"about":[{"href":"https:\/\/sanluisalminuto.com\/index.php?rest_route=\/wp\/v2\/types\/post"}],"author":[{"embeddable":true,"href":"https:\/\/sanluisalminuto.com\/index.php?rest_route=\/wp\/v2\/users\/206911972"}],"replies":[{"embeddable":true,"href":"https:\/\/sanluisalminuto.com\/index.php?rest_route=%2Fwp%2Fv2%2Fcomments&post=10361"}],"version-history":[{"count":0,"href":"https:\/\/sanluisalminuto.com\/index.php?rest_route=\/wp\/v2\/posts\/10361\/revisions"}],"wp:featuredmedia":[{"embeddable":true,"href":"https:\/\/sanluisalminuto.com\/index.php?rest_route=\/wp\/v2\/media\/10360"}],"wp:attachment":[{"href":"https:\/\/sanluisalminuto.com\/index.php?rest_route=%2Fwp%2Fv2%2Fmedia&parent=10361"}],"wp:term":[{"taxonomy":"category","embeddable":true,"href":"https:\/\/sanluisalminuto.com\/index.php?rest_route=%2Fwp%2Fv2%2Fcategories&post=10361"},{"taxonomy":"post_tag","embeddable":true,"href":"https:\/\/sanluisalminuto.com\/index.php?rest_route=%2Fwp%2Fv2%2Ftags&post=10361"}],"curies":[{"name":"wp","href":"https:\/\/api.w.org\/{rel}","templated":true}]}}