{"id":10025,"date":"2024-04-18T10:40:09","date_gmt":"2024-04-18T16:40:09","guid":{"rendered":"https:\/\/sanluisalminuto.com\/?p=10025"},"modified":"2024-04-18T10:40:09","modified_gmt":"2024-04-18T16:40:09","slug":"promueven-inclusion-laboral-de-personas-con-discapacidad","status":"publish","type":"post","link":"https:\/\/sanluisalminuto.com\/?p=10025","title":{"rendered":"PROMUEVEN INCLUSI\u00d3N LABORAL DE PERSONAS CON DISCAPACIDAD"},"content":{"rendered":"\n<p><br>\u2022&nbsp; &nbsp; &nbsp; &nbsp;El DIF Estatal, realiza reuniones con diversas empresas, donde difunde acciones de sensibilizaci\u00f3n y fortalece la inclusi\u00f3n laboral de personas con discapacidad.<\/p>\n\n\n\n<p>El Poder Ejecutivo del Estado, a trav\u00e9s del Sistema Estatal para el Desarrollo Integral de la Familia (DIF), promueve en el Centro de Rehabilitaci\u00f3n y Educaci\u00f3n Especial (CREE), reuniones de trabajo y sensibilizaci\u00f3n con diversas empresas para fortalecer la inclusi\u00f3n laboral de personas con discapacidad.<br>En colaboraci\u00f3n con la Secretar\u00eda del Trabajo y Previsi\u00f3n Social (STPS) y la Asociaci\u00f3n de Ejecutivos de la Gesti\u00f3n del Talento Humano (Aderiac), personal del DIF Estatal se reuni\u00f3 con 50 integrantes de BMW Group planta San Luis Potos\u00ed, Dr\u00e4xlmaier Group y Eaton M\u00e9xico, a quienes se les habl\u00f3 sobre el proceso que realiza el CREE para ayudar a las personas con discapacidad para que consigan un empleo digno y relacionado con su perfil laboral.<br>Esta informaci\u00f3n es p\u00fablica, ajena a cualquier inter\u00e9s particular o alg\u00fan partido pol\u00edtico.<\/p>\n","protected":false},"excerpt":{"rendered":"<p>\u2022&nbsp; &nbsp; &nbsp; &nbsp;El DIF Estatal, realiza reuniones con diversas empresas, donde difunde acciones de<\/p>\n","protected":false},"author":206911971,"featured_media":10024,"comment_status":"open","ping_status":"open","sticky":false,"template":"","format":"standard","meta":{"advanced_seo_description":"","jetpack_seo_html_title":"","jetpack_seo_noindex":false,"_jetpack_newsletter_access":"","_jetpack_dont_email_post_to_subs":false,"_jetpack_newsletter_tier_id":0,"_jetpack_memberships_contains_paywalled_content":false,"_jetpack_memberships_contains_paid_content":false,"footnotes":"","jetpack_publicize_message":"","jetpack_publicize_feature_enabled":true,"jetpack_social_post_already_shared":true,"jetpack_social_options":{"image_generator_settings":{"template":"highway","default_image_id":0,"font":"","enabled":false},"version":2},"jetpack_post_was_ever_published":false},"categories":[5175715,49001],"tags":[],"class_list":["post-10025","post","type-post","status-publish","format-standard","has-post-thumbnail","hentry","category-al-minuto","category-locales"],"jetpack_publicize_connections":[],"jetpack_featured_media_url":"https:\/\/i0.wp.com\/sanluisalminuto.com\/wp-content\/uploads\/2024\/04\/02c632a0-b1c9-45f2-a1f1-f4d2e2bde19b-1.jpg?fit=1600%2C1081&ssl=1","jetpack_likes_enabled":false,"jetpack_sharing_enabled":true,"jetpack_shortlink":"https:\/\/wp.me\/pd6CVZ-2BH","jetpack-related-posts":[{"id":11610,"url":"https:\/\/sanluisalminuto.com\/?p=11610","url_meta":{"origin":10025,"position":0},"title":"GOBIERNO ESTATAL FORTALECE ESTRATEGIA INTEGRAL DE INCLUSI\u00d3N&nbsp;","author":"sanluisalminuto","date":"28 de octubre de 2024","format":false,"excerpt":"\u2022\u00a0 \u00a0 \u00a0 \u00a0En el marco del D\u00eda Internacional de la Discapacidad, el DIF Estatal brinda m\u00e1s apoyo\u00a0\u00a0Para fortalecer la estrategia integral de inclusi\u00f3n y brindar m\u00e1s apoyo a las personas con discapacidad, previo al D\u00eda Internacional de la Discapacidad el pr\u00f3ximo 3 de diciembre, el Sistema Estatal para el\u2026","rel":"","context":"En \u00abAl Minuto\u00bb","block_context":{"text":"Al Minuto","link":"https:\/\/sanluisalminuto.com\/?cat=5175715"},"img":{"alt_text":"","src":"https:\/\/i0.wp.com\/sanluisalminuto.com\/wp-content\/uploads\/2024\/10\/3b9c1969-4d96-4475-baed-f5f6ad9f5020-1.jpg?fit=1170%2C777&ssl=1&resize=350%2C200","width":350,"height":200,"srcset":"https:\/\/i0.wp.com\/sanluisalminuto.com\/wp-content\/uploads\/2024\/10\/3b9c1969-4d96-4475-baed-f5f6ad9f5020-1.jpg?fit=1170%2C777&ssl=1&resize=350%2C200 1x, https:\/\/i0.wp.com\/sanluisalminuto.com\/wp-content\/uploads\/2024\/10\/3b9c1969-4d96-4475-baed-f5f6ad9f5020-1.jpg?fit=1170%2C777&ssl=1&resize=525%2C300 1.5x, https:\/\/i0.wp.com\/sanluisalminuto.com\/wp-content\/uploads\/2024\/10\/3b9c1969-4d96-4475-baed-f5f6ad9f5020-1.jpg?fit=1170%2C777&ssl=1&resize=700%2C400 2x, https:\/\/i0.wp.com\/sanluisalminuto.com\/wp-content\/uploads\/2024\/10\/3b9c1969-4d96-4475-baed-f5f6ad9f5020-1.jpg?fit=1170%2C777&ssl=1&resize=1050%2C600 3x"},"classes":[]},{"id":15728,"url":"https:\/\/sanluisalminuto.com\/?p=15728","url_meta":{"origin":10025,"position":1},"title":"GOBIERNO ESTATAL IMPULSA JORNADA DE INCLUSI\u00d3N PARA PERSONAS CON DISCAPACIDAD","author":"sanluisalminuto","date":"2 de diciembre de 2025","format":false,"excerpt":"\u2022 El DIF Estatal promover\u00e1 la igualdad y el desarrollo integral de las personas con discapacidad durante 10 d\u00edas consecutivos. El Sistema Estatal para el Desarrollo Integral de la Familia (DIF), prepara la \u201cSegunda Jornada de Inclusi\u00f3n para Personas con Discapacidad.\u201d, mediante acciones afirmativas, en colaboraci\u00f3n con dependencias del gabinete\u2026","rel":"","context":"En \u00abAl Minuto\u00bb","block_context":{"text":"Al Minuto","link":"https:\/\/sanluisalminuto.com\/?cat=5175715"},"img":{"alt_text":"","src":"https:\/\/i0.wp.com\/sanluisalminuto.com\/wp-content\/uploads\/2025\/12\/759c2b19-5df9-4c14-8df8-9bed2e50f70f.jpg?fit=1200%2C801&ssl=1&resize=350%2C200","width":350,"height":200,"srcset":"https:\/\/i0.wp.com\/sanluisalminuto.com\/wp-content\/uploads\/2025\/12\/759c2b19-5df9-4c14-8df8-9bed2e50f70f.jpg?fit=1200%2C801&ssl=1&resize=350%2C200 1x, https:\/\/i0.wp.com\/sanluisalminuto.com\/wp-content\/uploads\/2025\/12\/759c2b19-5df9-4c14-8df8-9bed2e50f70f.jpg?fit=1200%2C801&ssl=1&resize=525%2C300 1.5x, https:\/\/i0.wp.com\/sanluisalminuto.com\/wp-content\/uploads\/2025\/12\/759c2b19-5df9-4c14-8df8-9bed2e50f70f.jpg?fit=1200%2C801&ssl=1&resize=700%2C400 2x, https:\/\/i0.wp.com\/sanluisalminuto.com\/wp-content\/uploads\/2025\/12\/759c2b19-5df9-4c14-8df8-9bed2e50f70f.jpg?fit=1200%2C801&ssl=1&resize=1050%2C600 3x"},"classes":[]},{"id":5675,"url":"https:\/\/sanluisalminuto.com\/?p=5675","url_meta":{"origin":10025,"position":2},"title":"DIF ESTATAL AMPL\u00cdA ACCIONES PARA EL DESARROLLO INTEGRAL DE PERSONAS CON DISCAPACIDAD\u00a0","author":"sanluisalminuto","date":"7 de febrero de 2023","format":false,"excerpt":"\u2022 La instituci\u00f3n de asistencia social brind\u00f3 apoyo en la interpretaci\u00f3n de Lengua de Se\u00f1as Mexicana durante examen profesional de alumna con discapacidad auditiva El Sistema Estatal para el Desarrollo Integral de la Familia (DIF) por instrucci\u00f3n de su presidenta honoraria Ruth Gonz\u00e1lez Silva, redobla esfuerzos para garantizar espacios y\u2026","rel":"","context":"En \u00abAl Minuto\u00bb","block_context":{"text":"Al Minuto","link":"https:\/\/sanluisalminuto.com\/?cat=5175715"},"img":{"alt_text":"","src":"https:\/\/i0.wp.com\/sanluisalminuto.com\/wp-content\/uploads\/2023\/02\/image_5de99d90-ba6c-4688-89eb-a7776e14b121.jpg?resize=350%2C200&ssl=1","width":350,"height":200,"srcset":"https:\/\/i0.wp.com\/sanluisalminuto.com\/wp-content\/uploads\/2023\/02\/image_5de99d90-ba6c-4688-89eb-a7776e14b121.jpg?resize=350%2C200&ssl=1 1x, https:\/\/i0.wp.com\/sanluisalminuto.com\/wp-content\/uploads\/2023\/02\/image_5de99d90-ba6c-4688-89eb-a7776e14b121.jpg?resize=525%2C300&ssl=1 1.5x, https:\/\/i0.wp.com\/sanluisalminuto.com\/wp-content\/uploads\/2023\/02\/image_5de99d90-ba6c-4688-89eb-a7776e14b121.jpg?resize=700%2C400&ssl=1 2x, https:\/\/i0.wp.com\/sanluisalminuto.com\/wp-content\/uploads\/2023\/02\/image_5de99d90-ba6c-4688-89eb-a7776e14b121.jpg?resize=1050%2C600&ssl=1 3x"},"classes":[]},{"id":13003,"url":"https:\/\/sanluisalminuto.com\/?p=13003","url_meta":{"origin":10025,"position":3},"title":"GOBIERNO ESTATAL CAPACITA EN LENGUA DE SE\u00d1AS MEXICANA A PERSONAL DE UBR","author":"sanluisalminuto","date":"27 de febrero de 2025","format":false,"excerpt":"\u2022 El DIF Estatal busca promover la Lengua de Se\u00f1as Mexicana entre la poblaci\u00f3n de las cuatro regiones El Sistema Estatal para el Desarrollo Integral de la Familia (DIF), realiz\u00f3 a trav\u00e9s del Centro de Rehabilitaci\u00f3n y Educaci\u00f3n Especial (CREE), una sesi\u00f3n de capacitaci\u00f3n en Lengua de Se\u00f1as Mexicana (LSM)\u2026","rel":"","context":"En \u00abAl Minuto\u00bb","block_context":{"text":"Al Minuto","link":"https:\/\/sanluisalminuto.com\/?cat=5175715"},"img":{"alt_text":"","src":"https:\/\/i0.wp.com\/sanluisalminuto.com\/wp-content\/uploads\/2025\/02\/ae4969d3-0fea-4e6b-a008-3f2b8422c29b-1.jpg?fit=1200%2C800&ssl=1&resize=350%2C200","width":350,"height":200,"srcset":"https:\/\/i0.wp.com\/sanluisalminuto.com\/wp-content\/uploads\/2025\/02\/ae4969d3-0fea-4e6b-a008-3f2b8422c29b-1.jpg?fit=1200%2C800&ssl=1&resize=350%2C200 1x, https:\/\/i0.wp.com\/sanluisalminuto.com\/wp-content\/uploads\/2025\/02\/ae4969d3-0fea-4e6b-a008-3f2b8422c29b-1.jpg?fit=1200%2C800&ssl=1&resize=525%2C300 1.5x, https:\/\/i0.wp.com\/sanluisalminuto.com\/wp-content\/uploads\/2025\/02\/ae4969d3-0fea-4e6b-a008-3f2b8422c29b-1.jpg?fit=1200%2C800&ssl=1&resize=700%2C400 2x, https:\/\/i0.wp.com\/sanluisalminuto.com\/wp-content\/uploads\/2025\/02\/ae4969d3-0fea-4e6b-a008-3f2b8422c29b-1.jpg?fit=1200%2C800&ssl=1&resize=1050%2C600 3x"},"classes":[]},{"id":16602,"url":"https:\/\/sanluisalminuto.com\/?p=16602","url_meta":{"origin":10025,"position":4},"title":"Gobierno de la Capital impulsa agenda de inclusi\u00f3n: presenta libro \u201cDiscapacidad y Sociedad\u201d","author":"sanluisalminuto","date":"2 de febrero de 2026","format":false,"excerpt":"\u2022\u00a0\"Hablar de discapacidad, es hablar de derechos humanos, dignidad e igualdad de oportunidades\": Estela Arriaga M\u00e1rquez, Presidenta del DIF Capitalino.\u00a0 \u2022\u00a0El Alcalde Enrique Galindo dijo que este gobierno ha hecho un gran esfuerzo para ser emp\u00e1ticos en materia de inclusi\u00f3n social.\u00a0 \u00a0 SLP.\u2013 Con el objetivo de fortalecer la inclusi\u00f3n,\u2026","rel":"","context":"En \u00abAl Minuto\u00bb","block_context":{"text":"Al Minuto","link":"https:\/\/sanluisalminuto.com\/?cat=5175715"},"img":{"alt_text":"","src":"https:\/\/i0.wp.com\/sanluisalminuto.com\/wp-content\/uploads\/2026\/02\/56b96d1a-3702-4d26-ba64-81a58b1ec5c5.jpg?fit=1200%2C800&ssl=1&resize=350%2C200","width":350,"height":200,"srcset":"https:\/\/i0.wp.com\/sanluisalminuto.com\/wp-content\/uploads\/2026\/02\/56b96d1a-3702-4d26-ba64-81a58b1ec5c5.jpg?fit=1200%2C800&ssl=1&resize=350%2C200 1x, https:\/\/i0.wp.com\/sanluisalminuto.com\/wp-content\/uploads\/2026\/02\/56b96d1a-3702-4d26-ba64-81a58b1ec5c5.jpg?fit=1200%2C800&ssl=1&resize=525%2C300 1.5x, https:\/\/i0.wp.com\/sanluisalminuto.com\/wp-content\/uploads\/2026\/02\/56b96d1a-3702-4d26-ba64-81a58b1ec5c5.jpg?fit=1200%2C800&ssl=1&resize=700%2C400 2x, https:\/\/i0.wp.com\/sanluisalminuto.com\/wp-content\/uploads\/2026\/02\/56b96d1a-3702-4d26-ba64-81a58b1ec5c5.jpg?fit=1200%2C800&ssl=1&resize=1050%2C600 3x"},"classes":[]},{"id":6861,"url":"https:\/\/sanluisalminuto.com\/?p=6861","url_meta":{"origin":10025,"position":5},"title":"DIF ESTATAL REAFIRMA APOYO A PERSONAS CON DISCAPACIDAD","author":"sanluisalminuto","date":"23 de abril de 2023","format":false,"excerpt":"\u2022\u00a0 \u00a0 En coordinaci\u00f3n con la asociaci\u00f3n Vida Independiente M\u00e9xico, realiza capacitaciones para mejorar la vida de las personas con discapacidad Con el prop\u00f3sito de mejorar la calidad de vida y bienestar de las y los potosinos, como lo ha definido el Gobernador de San Luis Potos\u00ed, Ricardo Gallardo Cardona,\u2026","rel":"","context":"En \u00abAl Minuto\u00bb","block_context":{"text":"Al Minuto","link":"https:\/\/sanluisalminuto.com\/?cat=5175715"},"img":{"alt_text":"","src":"https:\/\/i0.wp.com\/sanluisalminuto.com\/wp-content\/uploads\/2023\/04\/IMG-20230423-WA0013-1.jpg?fit=861%2C1200&ssl=1&resize=350%2C200","width":350,"height":200,"srcset":"https:\/\/i0.wp.com\/sanluisalminuto.com\/wp-content\/uploads\/2023\/04\/IMG-20230423-WA0013-1.jpg?fit=861%2C1200&ssl=1&resize=350%2C200 1x, https:\/\/i0.wp.com\/sanluisalminuto.com\/wp-content\/uploads\/2023\/04\/IMG-20230423-WA0013-1.jpg?fit=861%2C1200&ssl=1&resize=525%2C300 1.5x, https:\/\/i0.wp.com\/sanluisalminuto.com\/wp-content\/uploads\/2023\/04\/IMG-20230423-WA0013-1.jpg?fit=861%2C1200&ssl=1&resize=700%2C400 2x"},"classes":[]}],"_links":{"self":[{"href":"https:\/\/sanluisalminuto.com\/index.php?rest_route=\/wp\/v2\/posts\/10025","targetHints":{"allow":["GET"]}}],"collection":[{"href":"https:\/\/sanluisalminuto.com\/index.php?rest_route=\/wp\/v2\/posts"}],"about":[{"href":"https:\/\/sanluisalminuto.com\/index.php?rest_route=\/wp\/v2\/types\/post"}],"author":[{"embeddable":true,"href":"https:\/\/sanluisalminuto.com\/index.php?rest_route=\/wp\/v2\/users\/206911971"}],"replies":[{"embeddable":true,"href":"https:\/\/sanluisalminuto.com\/index.php?rest_route=%2Fwp%2Fv2%2Fcomments&post=10025"}],"version-history":[{"count":0,"href":"https:\/\/sanluisalminuto.com\/index.php?rest_route=\/wp\/v2\/posts\/10025\/revisions"}],"wp:featuredmedia":[{"embeddable":true,"href":"https:\/\/sanluisalminuto.com\/index.php?rest_route=\/wp\/v2\/media\/10024"}],"wp:attachment":[{"href":"https:\/\/sanluisalminuto.com\/index.php?rest_route=%2Fwp%2Fv2%2Fmedia&parent=10025"}],"wp:term":[{"taxonomy":"category","embeddable":true,"href":"https:\/\/sanluisalminuto.com\/index.php?rest_route=%2Fwp%2Fv2%2Fcategories&post=10025"},{"taxonomy":"post_tag","embeddable":true,"href":"https:\/\/sanluisalminuto.com\/index.php?rest_route=%2Fwp%2Fv2%2Ftags&post=10025"}],"curies":[{"name":"wp","href":"https:\/\/api.w.org\/{rel}","templated":true}]}}